{"id":165349,"date":"2017-07-06T10:10:45","date_gmt":"2017-07-06T08:10:45","guid":{"rendered":"http:\/\/www.fuldaer-nachrichten.de\/?p=165349"},"modified":"2017-07-09T10:13:18","modified_gmt":"2017-07-09T08:13:18","slug":"erlebnisreiches-zeltlagerwochenende-bei-der-kreisjugendfeuerwehr","status":"publish","type":"post","link":"https:\/\/www.fuldaernachrichten.de\/?p=165349","title":{"rendered":"Erlebnisreiches Zeltlagerwochenende bei der Kreisjugendfeuerwehr"},"content":{"rendered":"<p><b>Vom 6. bis 9. Juli findet das traditionsreiche Zeltlager der Kreisjugendfeuerwehr Fulda auf dem Sportplatz in Dietershausen statt, zu dem \u00fcber 500 Jugendliche erwartet werden. Ausrichter ist in diesem Jahr die Jugendfeuerwehr K\u00fcnzell, die den Jungen und M\u00e4dchen ein Wochenende Spiel, Spa\u00df und Action verspricht.\u00c2\u00a0<\/b><\/p>\n<p>Das Rahmenprogramm ist vielseitig, attraktiv und bietet eine Menge Unterhaltung. Der Donnerstag steht ganz im Zeichen des Aufbaus. Die offizielle Er\u00f6ffnung des Zeltlagers ist f\u00fcr 18.30 Uhr vorgesehen. Am Freitagvormittag sind die Teilnehmer zu einer Dorfrallye und am Abend zu einer Walderlebniswanderung eingeladen. F\u00fcr den Samstag haben die Jugendfeuerwehr K\u00fcnzell und die Kreisjugendfeuerwehr Fulda eine Vielzahl von Workshops zusammengestellt. Am Abend findet auf dem Zeltplatz ein \u00f6kumenischer Lagergottesdienst statt, bevor zur sp\u00e4teren Stunde ein Bunter Abend mit Lagerdisco auf dem Programm steht<\/p>\n","protected":false},"excerpt":{"rendered":"<div class=\"tmnf_excerpt\"><p>Vom 6. bis 9. Juli findet das traditionsreiche Zeltlager der Kreisjugendfeuerwehr Fulda auf dem Sportplatz in Dietershausen statt, zu dem \u00fcber 500 Jugendliche erwartet werden. Ausrichter ist in diesem Jahr die Jugendfeuerwehr K\u00fcnzell, die den Jungen und M\u00e4dchen ein Wochenende Spiel, Spa\u00df und Action verspricht.\u00c2\u00a0 Das Rahmenprogramm ist vielseitig, attraktiv und bietet eine Menge Unterhaltung. &hellip;<\/p>\n<\/div>","protected":false},"author":1,"featured_media":165352,"comment_status":"closed","ping_status":"closed","sticky":false,"template":"","format":"standard","meta":{"footnotes":""},"categories":[1],"tags":[],"class_list":["post-165349","post","type-post","status-publish","format-standard","has-post-thumbnail","hentry","category-startseite"],"_links":{"self":[{"href":"https:\/\/www.fuldaernachrichten.de\/index.php?rest_route=\/wp\/v2\/posts\/165349","targetHints":{"allow":["GET"]}}],"collection":[{"href":"https:\/\/www.fuldaernachrichten.de\/index.php?rest_route=\/wp\/v2\/posts"}],"about":[{"href":"https:\/\/www.fuldaernachrichten.de\/index.php?rest_route=\/wp\/v2\/types\/post"}],"author":[{"embeddable":true,"href":"https:\/\/www.fuldaernachrichten.de\/index.php?rest_route=\/wp\/v2\/users\/1"}],"replies":[{"embeddable":true,"href":"https:\/\/www.fuldaernachrichten.de\/index.php?rest_route=%2Fwp%2Fv2%2Fcomments&post=165349"}],"version-history":[{"count":1,"href":"https:\/\/www.fuldaernachrichten.de\/index.php?rest_route=\/wp\/v2\/posts\/165349\/revisions"}],"predecessor-version":[{"id":165354,"href":"https:\/\/www.fuldaernachrichten.de\/index.php?rest_route=\/wp\/v2\/posts\/165349\/revisions\/165354"}],"wp:featuredmedia":[{"embeddable":true,"href":"https:\/\/www.fuldaernachrichten.de\/index.php?rest_route=\/wp\/v2\/media\/165352"}],"wp:attachment":[{"href":"https:\/\/www.fuldaernachrichten.de\/index.php?rest_route=%2Fwp%2Fv2%2Fmedia&parent=165349"}],"wp:term":[{"taxonomy":"category","embeddable":true,"href":"https:\/\/www.fuldaernachrichten.de\/index.php?rest_route=%2Fwp%2Fv2%2Fcategories&post=165349"},{"taxonomy":"post_tag","embeddable":true,"href":"https:\/\/www.fuldaernachrichten.de\/index.php?rest_route=%2Fwp%2Fv2%2Ftags&post=165349"}],"curies":[{"name":"wp","href":"https:\/\/api.w.org\/{rel}","templated":true}]}}