{"id":16528,"date":"2008-12-14T08:08:14","date_gmt":"2008-12-14T07:08:14","guid":{"rendered":"http:\/\/www.schoene-nachrichten.de\/?p=16528"},"modified":"2008-12-13T10:28:38","modified_gmt":"2008-12-13T09:28:38","slug":"fahrspass-ohne-emissionen-der-mini-e","status":"publish","type":"post","link":"https:\/\/www.fuldaernachrichten.de\/?p=16528","title":{"rendered":"Fahrspa\u00df ohne Emissionen: Der MINI E"},"content":{"rendered":"<p><strong>Auto.<\/strong> Als weltweit erster Hersteller von Premium-Automobilen bringt die BMW Group eine Flotte von rund 500 rein elektrisch betriebenen Fahrzeugen f\u00fcr die private Nutzung im Alltagsverkehr zum Einsatz. Der MINI E wird von einem 150 kW\/204 PS starken Elektromotor angetrieben, der seine Energie aus einem leistungsstarken Lithium-Ionen-Akku bezieht und seine Kraft nahezu lautlos und emissionsfrei \u00fcber ein einstufiges Stirnradgetriebe an die Vorderr\u00e4der \u00fcbertr\u00e4gt.<\/p>\n<p><a title=\"Foto: Marco Hellwig\" rel=\"lightbox[roadtrip]\" href=\"http:\/\/www.schoene-nachrichten.de\/wp-content\/uploads\/2008\/Marco\/081212_mini_001.jpg\" target=\"_blank\"><img decoding=\"async\" src=\"http:\/\/www.schoene-nachrichten.de\/wp-content\/uploads\/2008\/Marco\/081212_mini_001.thumbnail.jpg\" alt=\"081212_mini_001\" width=\"265\" \/><\/a> <a title=\"Foto: Marco Hellwig\" rel=\"lightbox[roadtrip]\" href=\"http:\/\/www.schoene-nachrichten.de\/wp-content\/uploads\/2008\/Marco\/081212_mini_002.jpg\" target=\"_blank\"><img decoding=\"async\" src=\"http:\/\/www.schoene-nachrichten.de\/wp-content\/uploads\/2008\/Marco\/081212_mini_002.thumbnail.jpg\" alt=\"081212_mini_002\" width=\"265\" \/><\/a><br \/>\n<!--more--><\/p>\n<p>Die speziell f\u00fcr die Anwendung im Automobil entwickelte Batterietechnik erm\u00f6glicht eine Reichweite von 250 Kilometern beziehungsweise 156 Meilen. Der MINI E wird im Rahmen eines Pilotprojekts ausgew\u00e4hlten Privat- und Firmenkunden zun\u00e4chst in den US-Bundesstaaten Kalifornien, New York und New Jersey zur Verf\u00fcgung gestellt. Ein weiterer Einsatz des MINI E in Europa wird zurzeit gepr\u00fcft. Der Elektroantrieb des MINI E aktiviert ein maximales Drehmoment von 220 Newtonmetern und erm\u00f6glicht eine unterbrechungsfreie Beschleunigung in 8,5 Sekunden auf 100 km\/h beziehungsweise 62 mph. Die H\u00f6chstgeschwindigkeit des MINI E wird elektronisch auf 152 km\/h oder 95 mph limitiert. Eine speziell an der Gewichtsverteilung des Fahrzeugs orientierte Fahrwerksabstimmung verhilft ihm zudem zu MINI typischer Agilit\u00e4t und einem \u00fcberragenden Handling.<\/p>\n<p><a title=\"Foto: Marco Hellwig\" rel=\"lightbox[roadtrip]\" href=\"http:\/\/www.schoene-nachrichten.de\/wp-content\/uploads\/2008\/Marco\/081212_mini_003.jpg\" target=\"_blank\"><img decoding=\"async\" src=\"http:\/\/www.schoene-nachrichten.de\/wp-content\/uploads\/2008\/Marco\/081212_mini_003.thumbnail.jpg\" alt=\"081212_mini_003\" width=\"265\" \/><\/a> <a title=\"Foto: Marco Hellwig\" rel=\"lightbox[roadtrip]\" href=\"http:\/\/www.schoene-nachrichten.de\/wp-content\/uploads\/2008\/Marco\/081212_mini_004.jpg\" target=\"_blank\"><img decoding=\"async\" src=\"http:\/\/www.schoene-nachrichten.de\/wp-content\/uploads\/2008\/Marco\/081212_mini_004.thumbnail.jpg\" alt=\"081212_mini_004\" width=\"265\" \/><\/a><\/p>\n<p>Mit dem MINI E unterstreicht die BMW Group ihre konsequente Entwicklungsarbeit bei der Reduzierung des Energieverbrauchs und der Emissionen im Stra\u00dfenverkehr. Die BMW Group nutzt ihre einzigartige Technologiekompetenz auf dem Gebiet der Antriebssysteme f\u00fcr die Entwicklung eines Fahrzeugkonzepts, das es erm\u00f6glicht, Emissionen zu vermeiden, ohne auf Fahrspa\u00df zu verzichten. Durch die Nutzung von rund 500 Fahrzeugen im realen Alltagsverkehr ergibt sich die M\u00f6glichkeit, praxisnahe Erfahrungen in repr\u00e4sentativer Bandbreite zu sammeln.<\/p>\n<p><a title=\"Foto: Marco Hellwig\" rel=\"lightbox[roadtrip]\" href=\"http:\/\/www.schoene-nachrichten.de\/wp-content\/uploads\/2008\/Marco\/081212_mini_005.jpg\" target=\"_blank\"><img decoding=\"async\" src=\"http:\/\/www.schoene-nachrichten.de\/wp-content\/uploads\/2008\/Marco\/081212_mini_005.thumbnail.jpg\" alt=\"081212_mini_005\" width=\"265\" \/><\/a> <a title=\"Foto: Marco Hellwig\" rel=\"lightbox[roadtrip]\" href=\"http:\/\/www.schoene-nachrichten.de\/wp-content\/uploads\/2008\/Marco\/081212_mini_006.jpg\" target=\"_blank\"><img decoding=\"async\" src=\"http:\/\/www.schoene-nachrichten.de\/wp-content\/uploads\/2008\/Marco\/081212_mini_006.thumbnail.jpg\" alt=\"081212_mini_006\" width=\"265\" \/><\/a><\/p>\n<p>Die Auswertung dieser Erkenntnisse generiert wertvolles Knowhow, das f\u00fcr den Entwicklungsprozess von Serienfahrzeugen genutzt werden soll. Die BMW Group strebt als Bestandteil der Unternehmensstrategie Number ONE mittelfristig die Serienproduktion von rein elektrisch betriebenen Fahrzeugen an. Im gleichen Kontext steht die im project i angesiedelte Entwicklung innovativer Konzepte f\u00fcr die Mobilit\u00e4t in gro\u00dfst\u00e4dtischen Ballungsr\u00e4umen, die ebenfalls auch die Nutzung eines rein elektrischen Antriebs einschlie\u00dft.<\/p>\n<p><a title=\"Foto: Marco Hellwig\" rel=\"lightbox[roadtrip]\" href=\"http:\/\/www.schoene-nachrichten.de\/wp-content\/uploads\/2008\/Marco\/081212_mini_007.jpg\" target=\"_blank\"><img decoding=\"async\" src=\"http:\/\/www.schoene-nachrichten.de\/wp-content\/uploads\/2008\/Marco\/081212_mini_007.thumbnail.jpg\" alt=\"081212_mini_007\" width=\"265\" \/><\/a> <a title=\"Foto: Marco Hellwig\" rel=\"lightbox[roadtrip]\" href=\"http:\/\/www.schoene-nachrichten.de\/wp-content\/uploads\/2008\/Marco\/081212_mini_008.jpg\" target=\"_blank\"><img decoding=\"async\" src=\"http:\/\/www.schoene-nachrichten.de\/wp-content\/uploads\/2008\/Marco\/081212_mini_008.thumbnail.jpg\" alt=\"081212_mini_008\" width=\"265\" \/><\/a><\/p>\n","protected":false},"excerpt":{"rendered":"<div class=\"tmnf_excerpt\"><p>Auto. Als weltweit erster Hersteller von Premium-Automobilen bringt die BMW Group eine Flotte von rund 500 rein elektrisch betriebenen Fahrzeugen f\u00fcr die private Nutzung im Alltagsverkehr zum Einsatz. Der MINI E wird von einem 150 kW\/204 PS starken Elektromotor angetrieben, der seine Energie aus einem leistungsstarken Lithium-Ionen-Akku bezieht und seine Kraft nahezu lautlos und emissionsfrei &hellip;<\/p>\n<\/div>","protected":false},"author":1,"featured_media":0,"comment_status":"closed","ping_status":"closed","sticky":false,"template":"","format":"standard","meta":{"footnotes":""},"categories":[1,35],"tags":[],"class_list":["post-16528","post","type-post","status-publish","format-standard","hentry","category-startseite","category-auto"],"_links":{"self":[{"href":"https:\/\/www.fuldaernachrichten.de\/index.php?rest_route=\/wp\/v2\/posts\/16528","targetHints":{"allow":["GET"]}}],"collection":[{"href":"https:\/\/www.fuldaernachrichten.de\/index.php?rest_route=\/wp\/v2\/posts"}],"about":[{"href":"https:\/\/www.fuldaernachrichten.de\/index.php?rest_route=\/wp\/v2\/types\/post"}],"author":[{"embeddable":true,"href":"https:\/\/www.fuldaernachrichten.de\/index.php?rest_route=\/wp\/v2\/users\/1"}],"replies":[{"embeddable":true,"href":"https:\/\/www.fuldaernachrichten.de\/index.php?rest_route=%2Fwp%2Fv2%2Fcomments&post=16528"}],"version-history":[{"count":5,"href":"https:\/\/www.fuldaernachrichten.de\/index.php?rest_route=\/wp\/v2\/posts\/16528\/revisions"}],"predecessor-version":[{"id":16637,"href":"https:\/\/www.fuldaernachrichten.de\/index.php?rest_route=\/wp\/v2\/posts\/16528\/revisions\/16637"}],"wp:attachment":[{"href":"https:\/\/www.fuldaernachrichten.de\/index.php?rest_route=%2Fwp%2Fv2%2Fmedia&parent=16528"}],"wp:term":[{"taxonomy":"category","embeddable":true,"href":"https:\/\/www.fuldaernachrichten.de\/index.php?rest_route=%2Fwp%2Fv2%2Fcategories&post=16528"},{"taxonomy":"post_tag","embeddable":true,"href":"https:\/\/www.fuldaernachrichten.de\/index.php?rest_route=%2Fwp%2Fv2%2Ftags&post=16528"}],"curies":[{"name":"wp","href":"https:\/\/api.w.org\/{rel}","templated":true}]}}