{"id":165232,"date":"2017-07-09T09:34:13","date_gmt":"2017-07-09T07:34:13","guid":{"rendered":"http:\/\/www.fuldaer-nachrichten.de\/?p=165232"},"modified":"2017-07-09T09:34:13","modified_gmt":"2017-07-09T07:34:13","slug":"grusswort-zum-kongress-freude-am-glauben-am-7-juli-2017-16-00-uhr-in-der-kongresshalle-fulda","status":"publish","type":"post","link":"https:\/\/www.fuldaernachrichten.de\/?p=165232","title":{"rendered":"Gru\u00dfwort zum Kongress \u201eFreude am Glauben\u201c am 7. Juli 2017, 16.00 Uhr, in der Kongresshalle Fulda"},"content":{"rendered":"<p>Immer wieder haben die Kongresse \u201eFreude am Glauben\u201c mit ihren Themen konkret in eine hochproblematische gesellschaftliche Entwicklung hineingegriffen.<br \/>\nSo beim letzten Kongress hier in Fulda vom 31. Juli bis 2. August 2015 mit dem Thema \u201eEhe und Familie \u2013 gottgewollter Auftrag und Weg zum Gl\u00fcck\u201c; so nicht minder aktuell bei diesem Kongress zum Thema \u201eF\u00fcrchte dich nicht, du kleine Herde!\u201c (Lk 12,32).<\/p>\n<p>Vom Kongress 2015 bis zu diesem f\u00fchrt eine direkte thematische Linie mit fataler Entwicklung. Schrittweise wurden seitdem die fundamentalen Grundlagen von Ehe und Familie ausgehebelt oder gar demontiert bis hin zum \u201eschwarzen Freitag\u201c vor einer Woche, als eine Mehrheit von 393 Abgeordneten des Deutschen Bundestages \u2013 darunter mehr als 70 der Union \u2013 f\u00fcr die M\u00f6glichkeit stimmten, dass homosexuelle Paare k\u00fcnftig eine Ehe schlie\u00dfen k\u00f6nnen. F\u00fcr mich ein klarer Versto\u00df gegen Artikel 6 des Grundgesetzes.<\/p>\n<p>M\u00f6glich wurde die \u201eHals-\u00fcber-Kopf-Abstimmung\u201c durch Frau Merkels Kehrtwende im Rahmen eines Podiumsgespr\u00e4chs mit der Zeitschrift \u201eBrigitte\u201c. Es zeigte sich, dass der Bundeskanzlerin Machterhaltung wichtiger ist als die Treue zu Prinzipien, zumal alle in Frage kommenden zuk\u00fcnftigen Koalitionspartner sich bereits auf die \u201eEhe f\u00fcr alle\u201c festgelegt hatten.<\/p>\n<p>Die Entscheidung der Abgeordneten f\u00fchrt zu einer Spaltung des Verst\u00e4ndnisses von Ehe und zu deren schleichender rechtlicher Aufl\u00f6sung. F\u00fcr die katholische Kirche ist solche fatale \u00c4nderung des allgemeinen Bewusstseins und Spaltung als Resultat der Bundestagsabstimmung grunds\u00e4tzlich inakzeptabel.<\/p>\n<p>Bereits der Sch\u00f6pfungsbericht zu Beginn des Alten Testaments reflektiert die geschlechtliche Differenz als die von Gott gewollte und bestimmte soziale Urzelle der Weitergabe des Lebens (Gen 1,27f). Da die gleichgeschlechtliche Lebenspartnerschaft aus sich heraus keine Kinder hervorbringen kann, wird durch diese \u00d6ffnung der \u201eEhe f\u00fcr alle\u201c eine tiefe Konfusion des Verst\u00e4ndnisses von Ehe herbeigef\u00fchrt.<\/p>\n<p>Das Ergebnis der Abstimmung vom 30. Juni, das f\u00fcr mich vor wenigen Jahren noch ganz und gar undenkbar war, ist ein weiterer gesellschaftlicher Dammbruch und wird Folgen haben, wenn ich an m\u00f6gliche juristische Auseinandersetzungen f\u00fcr kirchliche Einrichtungen denke.<\/p>\n<p>Ich m\u00f6chte in diesem Kontext noch eine f\u00fcr mich signifikante Belastung im \u00f6kumenischen Dialog hinzuf\u00fcgen, zumal in diesem Jahr des Reformationsgedenkens:<br \/>\nEs l\u00e4sst sich nicht verdr\u00e4ngen, dass es in der Frage der \u201eEhe f\u00fcr alle\u201c und der Ehe als Sakrament einen deutlichen \u00f6kumenischen Dissens in der Glaubens\u00fcberzeugung und in der Praxis gibt. W\u00e4hrend alle katholischen Bisch\u00f6fe die Entscheidung des Bundestages ablehnen, begr\u00fc\u00dft die evangelische Kirche in Deutschland (EKD) die \u00d6ffnung der Ehe f\u00fcr gleichgeschlechtliche Partnerschaften.<\/p>\n<p>Immer wieder wurde in diesem Jahr betont, dass die \u00d6kumene weit fortgeschritten sei. Indes stehen wir nun vor einer gro\u00dfen Ern\u00fcchterung. Es gibt grunds\u00e4tzliche Unterschiede zwischen der katholischen Kirche und der EKD.<\/p>\n<p>Nach meiner Erfahrung im \u00f6kumenischen Dialog seit nunmehr 48 Jahren entfernen wir uns in ethischen und bioethischen Fragen immer weiter voneinander. Die im November 1989 von der Bischofskonferenz und der EKD herausgegebene Schrift zum Lebensschutz \u201eGott ist ein Freund des Lebens\u201c w\u00e4re angesichts der ganzen Dissensen heute nicht mehr m\u00f6glich.<\/p>\n<p>Liebe Schwestern und Br\u00fcder im Glauben!<br \/>\nEs h\u00e4ngt alles davon ab, dass wir zur konsequenten Alternative f\u00e4hig werden \u00e2\u201d\u20ac gem\u00e4\u00df dem Jesus-Wort \u201eBei euch aber soll es nicht so sein\u00e2\u20ac\u00a6\u201c (Lk 22,26). Dann wird \u201edie kleine Herde\u201c (Lk 12,32) zum Sauerteig und zum Licht in einer Welt voll Zwielicht und Schatten.<br \/>\nGott segne diesen Kongress dazu!<\/p>\n","protected":false},"excerpt":{"rendered":"<div class=\"tmnf_excerpt\"><p>Immer wieder haben die Kongresse \u201eFreude am Glauben\u201c mit ihren Themen konkret in eine hochproblematische gesellschaftliche Entwicklung hineingegriffen. So beim letzten Kongress hier in Fulda vom 31. Juli bis 2. August 2015 mit dem Thema \u201eEhe und Familie \u2013 gottgewollter Auftrag und Weg zum Gl\u00fcck\u201c; so nicht minder aktuell bei diesem Kongress zum Thema \u201eF\u00fcrchte &hellip;<\/p>\n<\/div>","protected":false},"author":1,"featured_media":0,"comment_status":"closed","ping_status":"closed","sticky":false,"template":"","format":"standard","meta":{"footnotes":""},"categories":[1],"tags":[],"class_list":["post-165232","post","type-post","status-publish","format-standard","hentry","category-startseite"],"_links":{"self":[{"href":"https:\/\/www.fuldaernachrichten.de\/index.php?rest_route=\/wp\/v2\/posts\/165232","targetHints":{"allow":["GET"]}}],"collection":[{"href":"https:\/\/www.fuldaernachrichten.de\/index.php?rest_route=\/wp\/v2\/posts"}],"about":[{"href":"https:\/\/www.fuldaernachrichten.de\/index.php?rest_route=\/wp\/v2\/types\/post"}],"author":[{"embeddable":true,"href":"https:\/\/www.fuldaernachrichten.de\/index.php?rest_route=\/wp\/v2\/users\/1"}],"replies":[{"embeddable":true,"href":"https:\/\/www.fuldaernachrichten.de\/index.php?rest_route=%2Fwp%2Fv2%2Fcomments&post=165232"}],"version-history":[{"count":1,"href":"https:\/\/www.fuldaernachrichten.de\/index.php?rest_route=\/wp\/v2\/posts\/165232\/revisions"}],"predecessor-version":[{"id":165240,"href":"https:\/\/www.fuldaernachrichten.de\/index.php?rest_route=\/wp\/v2\/posts\/165232\/revisions\/165240"}],"wp:attachment":[{"href":"https:\/\/www.fuldaernachrichten.de\/index.php?rest_route=%2Fwp%2Fv2%2Fmedia&parent=165232"}],"wp:term":[{"taxonomy":"category","embeddable":true,"href":"https:\/\/www.fuldaernachrichten.de\/index.php?rest_route=%2Fwp%2Fv2%2Fcategories&post=165232"},{"taxonomy":"post_tag","embeddable":true,"href":"https:\/\/www.fuldaernachrichten.de\/index.php?rest_route=%2Fwp%2Fv2%2Ftags&post=165232"}],"curies":[{"name":"wp","href":"https:\/\/api.w.org\/{rel}","templated":true}]}}