{"id":165227,"date":"2017-07-09T09:33:14","date_gmt":"2017-07-09T07:33:14","guid":{"rendered":"http:\/\/www.fuldaer-nachrichten.de\/?p=165227"},"modified":"2017-07-09T09:33:14","modified_gmt":"2017-07-09T07:33:14","slug":"spanisch-auffrischung","status":"publish","type":"post","link":"https:\/\/www.fuldaernachrichten.de\/?p=165227","title":{"rendered":"Spanisch-Auffrischung"},"content":{"rendered":"<p>Bei einem Spanisch-Auffrischungskurs der Volkshochschule des Landkreises Fulda soll die Basisgrammatik anhand von \u00dcbungen wiederholt und die m\u00fcndliche Kommunikation zu Themen des Alltages ge\u00fcbt werden. Beginn ist am Montag, 24. Juli, um 17 Uhr im Georg-Stieler-Haus, Gallasiniring 1, in Fulda. Infos und Anmeldung mit Kursnummer VO4220115 unter www.vhs-fulda.de oder telefonisch beim B\u00fcrgerservice (0661)6006-1600.<\/p>\n","protected":false},"excerpt":{"rendered":"<div class=\"tmnf_excerpt\"><p>Bei einem Spanisch-Auffrischungskurs der Volkshochschule des Landkreises Fulda soll die Basisgrammatik anhand von \u00dcbungen wiederholt und die m\u00fcndliche Kommunikation zu Themen des Alltages ge\u00fcbt werden. Beginn ist am Montag, 24. Juli, um 17 Uhr im Georg-Stieler-Haus, Gallasiniring 1, in Fulda. Infos und Anmeldung mit Kursnummer VO4220115 unter www.vhs-fulda.de oder telefonisch beim B\u00fcrgerservice (0661)6006-1600.<\/p>\n<\/div>","protected":false},"author":1,"featured_media":0,"comment_status":"closed","ping_status":"closed","sticky":false,"template":"","format":"standard","meta":{"footnotes":""},"categories":[1],"tags":[],"class_list":["post-165227","post","type-post","status-publish","format-standard","hentry","category-startseite"],"_links":{"self":[{"href":"https:\/\/www.fuldaernachrichten.de\/index.php?rest_route=\/wp\/v2\/posts\/165227","targetHints":{"allow":["GET"]}}],"collection":[{"href":"https:\/\/www.fuldaernachrichten.de\/index.php?rest_route=\/wp\/v2\/posts"}],"about":[{"href":"https:\/\/www.fuldaernachrichten.de\/index.php?rest_route=\/wp\/v2\/types\/post"}],"author":[{"embeddable":true,"href":"https:\/\/www.fuldaernachrichten.de\/index.php?rest_route=\/wp\/v2\/users\/1"}],"replies":[{"embeddable":true,"href":"https:\/\/www.fuldaernachrichten.de\/index.php?rest_route=%2Fwp%2Fv2%2Fcomments&post=165227"}],"version-history":[{"count":1,"href":"https:\/\/www.fuldaernachrichten.de\/index.php?rest_route=\/wp\/v2\/posts\/165227\/revisions"}],"predecessor-version":[{"id":165236,"href":"https:\/\/www.fuldaernachrichten.de\/index.php?rest_route=\/wp\/v2\/posts\/165227\/revisions\/165236"}],"wp:attachment":[{"href":"https:\/\/www.fuldaernachrichten.de\/index.php?rest_route=%2Fwp%2Fv2%2Fmedia&parent=165227"}],"wp:term":[{"taxonomy":"category","embeddable":true,"href":"https:\/\/www.fuldaernachrichten.de\/index.php?rest_route=%2Fwp%2Fv2%2Fcategories&post=165227"},{"taxonomy":"post_tag","embeddable":true,"href":"https:\/\/www.fuldaernachrichten.de\/index.php?rest_route=%2Fwp%2Fv2%2Ftags&post=165227"}],"curies":[{"name":"wp","href":"https:\/\/api.w.org\/{rel}","templated":true}]}}