{"id":165226,"date":"2017-07-09T09:35:31","date_gmt":"2017-07-09T07:35:31","guid":{"rendered":"http:\/\/www.fuldaer-nachrichten.de\/?p=165226"},"modified":"2017-07-09T09:35:31","modified_gmt":"2017-07-09T07:35:31","slug":"126-tanner-orgelmatinee","status":"publish","type":"post","link":"https:\/\/www.fuldaernachrichten.de\/?p=165226","title":{"rendered":"126. Tanner Orgelmatinee"},"content":{"rendered":"<p>An den Sonntagen der Ferienmonate Juli (9., 16., 23., 30.) und August (6., 13., 20.) finden jeweils um 11:00 Uhr \u2013 im Anschluss an den Gottesdienst \u2013 30min\u00fctige Mittagskonzerte in der Tanner Stadtkirche statt, in deren Mittelpunkt die Orgel steht: Organisten und weitere Musiker der Region stellen die Wandlungsf\u00e4higkeit und die Vielfalt der Orgelmusik durch die Jahrhunderte vor.<\/p>\n<p>Der Eintritt ist dank F\u00f6rderung durch die VR-Bank NordRh\u00f6n frei! Eine Kollekte am Ausgang unterst\u00fctzt den Erhalt der Orgel in der Stadtkirche.<\/p>\n<p>16. Juli 2017: Zu Luthers Zeit \u2013 Musik und T\u00e4nze der Reformationszeit<\/p>\n<p>Bei ihrer gemeinsamen Matinee begeben sich die Frauenvolktanzgruppe Tann und Kantor Thomas N\u00fcdling auf eine Zeitreise ins 16. Jahrhundert. Die Frauenvolkstanzgruppe wird in historischen Kost\u00fcmen T\u00e4nze der Reformationszeit auff\u00fchren. Im Mittelpunkt der Orgelinterpretationen steht Musik aus dem Umfeld Martin Luthers sowie Choralbearbeitungen zu dessen Lied \u201eEin feste Burg ist unser Gott\u201c.<\/p>\n","protected":false},"excerpt":{"rendered":"<div class=\"tmnf_excerpt\"><p>An den Sonntagen der Ferienmonate Juli (9., 16., 23., 30.) und August (6., 13., 20.) finden jeweils um 11:00 Uhr \u2013 im Anschluss an den Gottesdienst \u2013 30min\u00fctige Mittagskonzerte in der Tanner Stadtkirche statt, in deren Mittelpunkt die Orgel steht: Organisten und weitere Musiker der Region stellen die Wandlungsf\u00e4higkeit und die Vielfalt der Orgelmusik durch &hellip;<\/p>\n<\/div>","protected":false},"author":1,"featured_media":165228,"comment_status":"closed","ping_status":"closed","sticky":false,"template":"","format":"standard","meta":{"footnotes":""},"categories":[1],"tags":[],"class_list":["post-165226","post","type-post","status-publish","format-standard","has-post-thumbnail","hentry","category-startseite"],"_links":{"self":[{"href":"https:\/\/www.fuldaernachrichten.de\/index.php?rest_route=\/wp\/v2\/posts\/165226","targetHints":{"allow":["GET"]}}],"collection":[{"href":"https:\/\/www.fuldaernachrichten.de\/index.php?rest_route=\/wp\/v2\/posts"}],"about":[{"href":"https:\/\/www.fuldaernachrichten.de\/index.php?rest_route=\/wp\/v2\/types\/post"}],"author":[{"embeddable":true,"href":"https:\/\/www.fuldaernachrichten.de\/index.php?rest_route=\/wp\/v2\/users\/1"}],"replies":[{"embeddable":true,"href":"https:\/\/www.fuldaernachrichten.de\/index.php?rest_route=%2Fwp%2Fv2%2Fcomments&post=165226"}],"version-history":[{"count":1,"href":"https:\/\/www.fuldaernachrichten.de\/index.php?rest_route=\/wp\/v2\/posts\/165226\/revisions"}],"predecessor-version":[{"id":165244,"href":"https:\/\/www.fuldaernachrichten.de\/index.php?rest_route=\/wp\/v2\/posts\/165226\/revisions\/165244"}],"wp:featuredmedia":[{"embeddable":true,"href":"https:\/\/www.fuldaernachrichten.de\/index.php?rest_route=\/wp\/v2\/media\/165228"}],"wp:attachment":[{"href":"https:\/\/www.fuldaernachrichten.de\/index.php?rest_route=%2Fwp%2Fv2%2Fmedia&parent=165226"}],"wp:term":[{"taxonomy":"category","embeddable":true,"href":"https:\/\/www.fuldaernachrichten.de\/index.php?rest_route=%2Fwp%2Fv2%2Fcategories&post=165226"},{"taxonomy":"post_tag","embeddable":true,"href":"https:\/\/www.fuldaernachrichten.de\/index.php?rest_route=%2Fwp%2Fv2%2Ftags&post=165226"}],"curies":[{"name":"wp","href":"https:\/\/api.w.org\/{rel}","templated":true}]}}