{"id":165204,"date":"2017-07-03T07:43:40","date_gmt":"2017-07-03T05:43:40","guid":{"rendered":"http:\/\/www.fuldaer-nachrichten.de\/?p=165204"},"modified":"2017-07-03T07:43:40","modified_gmt":"2017-07-03T05:43:40","slug":"volksliedersingen-jetzt-in-der-grillenburg","status":"publish","type":"post","link":"https:\/\/www.fuldaernachrichten.de\/?p=165204","title":{"rendered":"Volksliedersingen jetzt in der Grillenburg"},"content":{"rendered":"<p>Das Volksliedersingen, eine sehr beliebte Veranstaltung des Seniorenb\u00fcros der Stadt Fulda, hatte in den vergangenen Monaten keine feste Lokalit\u00e4t mehr. Mehrfach wurden die Veranstaltungsorte gewechselt.  Ab dem n\u00e4chsten Termin, Donnerstag, 6. Juli, um 15 Uhr wird das Volksliedersingen der Stadt kontinuierlich im Traditions-Gasthaus \u201eZur Grillenburg\u201c in Lehnerz stattfinden. Es sind ausreichend Parkpl\u00e4tze vorhanden, eine Bushaltestelle befindet sich direkt vor dem Hotel. <\/p>\n<p>Annette Brell, die Wirtin des Lokals, freut sich sehr auf die S\u00e4nger und Musiker. Sie h\u00e4lt zur St\u00e4rkung Getr\u00e4nke, Kaffee und Kuchen bereit. Das durch Akkordeon- und Gitarrenspieler begleitete Volksliedersingen ist eine Veranstaltung, die das Seniorenb\u00fcro in Kooperation mit der Musikschule Ebert durchf\u00fchrt. Im August wird Sommerpause sein, ab September bis zum Jahresende hei\u00dft es dann wieder f\u00fcr alle begeisterten Volkslieder-S\u00e4nger: Jeden ersten Donnerstag im Monat um 15 Uhr ist Volkslieder-Singen in der Grillenburg.<\/p>\n","protected":false},"excerpt":{"rendered":"<div class=\"tmnf_excerpt\"><p>Das Volksliedersingen, eine sehr beliebte Veranstaltung des Seniorenb\u00fcros der Stadt Fulda, hatte in den vergangenen Monaten keine feste Lokalit\u00e4t mehr. Mehrfach wurden die Veranstaltungsorte gewechselt. Ab dem n\u00e4chsten Termin, Donnerstag, 6. Juli, um 15 Uhr wird das Volksliedersingen der Stadt kontinuierlich im Traditions-Gasthaus \u201eZur Grillenburg\u201c in Lehnerz stattfinden. Es sind ausreichend Parkpl\u00e4tze vorhanden, eine Bushaltestelle &hellip;<\/p>\n<\/div>","protected":false},"author":1,"featured_media":165208,"comment_status":"closed","ping_status":"closed","sticky":false,"template":"","format":"standard","meta":{"footnotes":""},"categories":[1],"tags":[],"class_list":["post-165204","post","type-post","status-publish","format-standard","has-post-thumbnail","hentry","category-startseite"],"_links":{"self":[{"href":"https:\/\/www.fuldaernachrichten.de\/index.php?rest_route=\/wp\/v2\/posts\/165204","targetHints":{"allow":["GET"]}}],"collection":[{"href":"https:\/\/www.fuldaernachrichten.de\/index.php?rest_route=\/wp\/v2\/posts"}],"about":[{"href":"https:\/\/www.fuldaernachrichten.de\/index.php?rest_route=\/wp\/v2\/types\/post"}],"author":[{"embeddable":true,"href":"https:\/\/www.fuldaernachrichten.de\/index.php?rest_route=\/wp\/v2\/users\/1"}],"replies":[{"embeddable":true,"href":"https:\/\/www.fuldaernachrichten.de\/index.php?rest_route=%2Fwp%2Fv2%2Fcomments&post=165204"}],"version-history":[{"count":1,"href":"https:\/\/www.fuldaernachrichten.de\/index.php?rest_route=\/wp\/v2\/posts\/165204\/revisions"}],"predecessor-version":[{"id":165212,"href":"https:\/\/www.fuldaernachrichten.de\/index.php?rest_route=\/wp\/v2\/posts\/165204\/revisions\/165212"}],"wp:featuredmedia":[{"embeddable":true,"href":"https:\/\/www.fuldaernachrichten.de\/index.php?rest_route=\/wp\/v2\/media\/165208"}],"wp:attachment":[{"href":"https:\/\/www.fuldaernachrichten.de\/index.php?rest_route=%2Fwp%2Fv2%2Fmedia&parent=165204"}],"wp:term":[{"taxonomy":"category","embeddable":true,"href":"https:\/\/www.fuldaernachrichten.de\/index.php?rest_route=%2Fwp%2Fv2%2Fcategories&post=165204"},{"taxonomy":"post_tag","embeddable":true,"href":"https:\/\/www.fuldaernachrichten.de\/index.php?rest_route=%2Fwp%2Fv2%2Ftags&post=165204"}],"curies":[{"name":"wp","href":"https:\/\/api.w.org\/{rel}","templated":true}]}}