{"id":165186,"date":"2017-07-03T07:39:43","date_gmt":"2017-07-03T05:39:43","guid":{"rendered":"http:\/\/www.fuldaer-nachrichten.de\/?p=165186"},"modified":"2017-07-03T07:39:43","modified_gmt":"2017-07-03T05:39:43","slug":"gelebte-partnerschaft-azubi-austausch-von-vogelsberg-und-oberhavelkreis","status":"publish","type":"post","link":"https:\/\/www.fuldaernachrichten.de\/?p=165186","title":{"rendered":"Gelebte Partnerschaft: Azubi-Austausch von Vogelsberg- und Oberhavelkreis"},"content":{"rendered":"<p>\u201eVor kurzem waren Ihre Chefs bei uns zu Besuch, jetzt Sie. Und im November kommen wir wieder zu Besuch, darauf bin ich schon sehr gespannt.\u201c Vizelandrat Dr. Jens Mischak begr\u00fc\u00dfte drei Auszubildende aus dem Landkreis Oberhavel: Eine Woche lang sind Anne-Katrin Lorenz, Marie-Josephine Hartwig und Cindy Knopf zu Gast in der Kreisverwaltung, arbeiten gemeinsam mit den Azubis des Vogelsbergkreises und besuchen die Berufsschule.<\/p>\n<p>In der vorhergehenden Woche waren drei Vogelsberger Azubis \u2013 Florian Paloh, Tim Henrik J\u00f6ckel und Annalena Lang \u2013 zu Besuch bei den Kolleginnen im Partnerkreis. Dort stand unter anderem ein Besuch in der Hauptstadt auf dem Programm \u2013 \u201enach Berlin braucht man von Oranienburg aus nur 20 Minuten mit der S-Bahn\u201c \u2013 au\u00dferdem Bowling und Klettern.<\/p>\n<p>Zum Rahmenprogramm hier geh\u00f6rten eine Rundfahrt in Lauterbach, eine Firmenbesichtigung und ein Ausflug nach Frankfurt. \u201eBowling und die Havannabar in Fulda stehen ja noch aus, dabei w\u00fcnsche ich Ihnen schon jetzt viel Spa\u00df\u201c, sagte der Vizelandrat mit einem Augenzwinkern. Er sprach mit ihnen \u00fcber Gleiches und Unterschiede in den Ausbildungsabl\u00e4ufen der beiden Landkreise und \u00fcberreichte ihnen ein Pr\u00e4sent zum Abschied.<\/p>\n<p>\u00dcbrigens kann man sich aktuell f\u00fcr die Ausbildung ab 2018 bei der Kreisverwaltung bewerben: Die Stellenausschreibung ist auf www.vogelsbergkreis.de zu finden.<\/p>\n","protected":false},"excerpt":{"rendered":"<div class=\"tmnf_excerpt\"><p>\u201eVor kurzem waren Ihre Chefs bei uns zu Besuch, jetzt Sie. Und im November kommen wir wieder zu Besuch, darauf bin ich schon sehr gespannt.\u201c Vizelandrat Dr. Jens Mischak begr\u00fc\u00dfte drei Auszubildende aus dem Landkreis Oberhavel: Eine Woche lang sind Anne-Katrin Lorenz, Marie-Josephine Hartwig und Cindy Knopf zu Gast in der Kreisverwaltung, arbeiten gemeinsam mit &hellip;<\/p>\n<\/div>","protected":false},"author":1,"featured_media":165193,"comment_status":"closed","ping_status":"closed","sticky":false,"template":"","format":"standard","meta":{"footnotes":""},"categories":[1],"tags":[],"class_list":["post-165186","post","type-post","status-publish","format-standard","has-post-thumbnail","hentry","category-startseite"],"_links":{"self":[{"href":"https:\/\/www.fuldaernachrichten.de\/index.php?rest_route=\/wp\/v2\/posts\/165186","targetHints":{"allow":["GET"]}}],"collection":[{"href":"https:\/\/www.fuldaernachrichten.de\/index.php?rest_route=\/wp\/v2\/posts"}],"about":[{"href":"https:\/\/www.fuldaernachrichten.de\/index.php?rest_route=\/wp\/v2\/types\/post"}],"author":[{"embeddable":true,"href":"https:\/\/www.fuldaernachrichten.de\/index.php?rest_route=\/wp\/v2\/users\/1"}],"replies":[{"embeddable":true,"href":"https:\/\/www.fuldaernachrichten.de\/index.php?rest_route=%2Fwp%2Fv2%2Fcomments&post=165186"}],"version-history":[{"count":1,"href":"https:\/\/www.fuldaernachrichten.de\/index.php?rest_route=\/wp\/v2\/posts\/165186\/revisions"}],"predecessor-version":[{"id":165194,"href":"https:\/\/www.fuldaernachrichten.de\/index.php?rest_route=\/wp\/v2\/posts\/165186\/revisions\/165194"}],"wp:featuredmedia":[{"embeddable":true,"href":"https:\/\/www.fuldaernachrichten.de\/index.php?rest_route=\/wp\/v2\/media\/165193"}],"wp:attachment":[{"href":"https:\/\/www.fuldaernachrichten.de\/index.php?rest_route=%2Fwp%2Fv2%2Fmedia&parent=165186"}],"wp:term":[{"taxonomy":"category","embeddable":true,"href":"https:\/\/www.fuldaernachrichten.de\/index.php?rest_route=%2Fwp%2Fv2%2Fcategories&post=165186"},{"taxonomy":"post_tag","embeddable":true,"href":"https:\/\/www.fuldaernachrichten.de\/index.php?rest_route=%2Fwp%2Fv2%2Ftags&post=165186"}],"curies":[{"name":"wp","href":"https:\/\/api.w.org\/{rel}","templated":true}]}}