{"id":165183,"date":"2017-07-03T07:38:09","date_gmt":"2017-07-03T05:38:09","guid":{"rendered":"http:\/\/www.fuldaer-nachrichten.de\/?p=165183"},"modified":"2017-07-03T07:38:09","modified_gmt":"2017-07-03T05:38:09","slug":"fahrbahnerneuerungen-vergeben","status":"publish","type":"post","link":"https:\/\/www.fuldaernachrichten.de\/?p=165183","title":{"rendered":"Fahrbahnerneuerungen vergeben"},"content":{"rendered":"<p>An drei Streckenabschnitten von Kreisstra\u00dfen werden in diesem Jahr d\u00fcnne Asphaltdeckschichten im Hei\u00dfeinbauverfahren aufgebracht. Dies betrifft die K 48 von Weyhers nach Schmalnau, die K 137 von Gro\u00dfenmoor nach Burghaun sowie die K 163 von der Autobahnabfahrt Flieden\/Nord bis zum Abzweig der K 79 nach Schweben. F\u00fcr 250.300 Euro hat er Kreisausschuss den Auftrag f\u00fcr eine Gesamtstreckenl\u00e4nge von 4,265 Kilometer vergeben.<\/p>\n","protected":false},"excerpt":{"rendered":"<div class=\"tmnf_excerpt\"><p>An drei Streckenabschnitten von Kreisstra\u00dfen werden in diesem Jahr d\u00fcnne Asphaltdeckschichten im Hei\u00dfeinbauverfahren aufgebracht. Dies betrifft die K 48 von Weyhers nach Schmalnau, die K 137 von Gro\u00dfenmoor nach Burghaun sowie die K 163 von der Autobahnabfahrt Flieden\/Nord bis zum Abzweig der K 79 nach Schweben. F\u00fcr 250.300 Euro hat er Kreisausschuss den Auftrag f\u00fcr &hellip;<\/p>\n<\/div>","protected":false},"author":1,"featured_media":0,"comment_status":"closed","ping_status":"closed","sticky":false,"template":"","format":"standard","meta":{"footnotes":""},"categories":[1],"tags":[],"class_list":["post-165183","post","type-post","status-publish","format-standard","hentry","category-startseite"],"_links":{"self":[{"href":"https:\/\/www.fuldaernachrichten.de\/index.php?rest_route=\/wp\/v2\/posts\/165183","targetHints":{"allow":["GET"]}}],"collection":[{"href":"https:\/\/www.fuldaernachrichten.de\/index.php?rest_route=\/wp\/v2\/posts"}],"about":[{"href":"https:\/\/www.fuldaernachrichten.de\/index.php?rest_route=\/wp\/v2\/types\/post"}],"author":[{"embeddable":true,"href":"https:\/\/www.fuldaernachrichten.de\/index.php?rest_route=\/wp\/v2\/users\/1"}],"replies":[{"embeddable":true,"href":"https:\/\/www.fuldaernachrichten.de\/index.php?rest_route=%2Fwp%2Fv2%2Fcomments&post=165183"}],"version-history":[{"count":1,"href":"https:\/\/www.fuldaernachrichten.de\/index.php?rest_route=\/wp\/v2\/posts\/165183\/revisions"}],"predecessor-version":[{"id":165191,"href":"https:\/\/www.fuldaernachrichten.de\/index.php?rest_route=\/wp\/v2\/posts\/165183\/revisions\/165191"}],"wp:attachment":[{"href":"https:\/\/www.fuldaernachrichten.de\/index.php?rest_route=%2Fwp%2Fv2%2Fmedia&parent=165183"}],"wp:term":[{"taxonomy":"category","embeddable":true,"href":"https:\/\/www.fuldaernachrichten.de\/index.php?rest_route=%2Fwp%2Fv2%2Fcategories&post=165183"},{"taxonomy":"post_tag","embeddable":true,"href":"https:\/\/www.fuldaernachrichten.de\/index.php?rest_route=%2Fwp%2Fv2%2Ftags&post=165183"}],"curies":[{"name":"wp","href":"https:\/\/api.w.org\/{rel}","templated":true}]}}