{"id":165179,"date":"2017-07-03T07:36:21","date_gmt":"2017-07-03T05:36:21","guid":{"rendered":"http:\/\/www.fuldaer-nachrichten.de\/?p=165179"},"modified":"2017-07-03T07:36:21","modified_gmt":"2017-07-03T05:36:21","slug":"15-neue-malteser-schulsanitaeter-an-der-winfriedschule","status":"publish","type":"post","link":"https:\/\/www.fuldaernachrichten.de\/?p=165179","title":{"rendered":"15 neue Malteser Schulsanit\u00e4ter an der Winfriedschule"},"content":{"rendered":"<p>Wenn es um medizinische Notf\u00e4lle geht, sind die Winfriedsch\u00fcler in guten H\u00e4nden. Am Zeugnistag konnte die Malteser- Referentin f\u00fcr den Schulsanit\u00e4tsdienst, Brigitta Br\u00e4hler-Fischer, 15 neue Schulsanit\u00e4ter in ihr verantwortungsvolles Ehrenamt berufen. Schulleiter Mathias Dickhut und der Koordinator der Schulsanit\u00e4ter, Andreas Heller, dankten den jungen Leuten f\u00fcr ihr Engagement. Auch Carina Sauerwein von der VR Genossenschaftsbank Fulda unterstrich, dass der Einsatz f\u00fcr andere nicht selbstverst\u00e4ndlich sei. Als Anerkennung sponsert das Kreditinstitut die Ausbildung der Schulsanit\u00e4ter, die nach einem Erste-Hilfe-Kurs eine umfangreiche Weiterbildung von den Maltesern erhalten, um im Notfall kompetent Erste Hilfe leisten zu k\u00f6nnen.<br \/>\nFoto: 15 neue Malteser-Schulsanit\u00e4ter treten im  kommenden Schuljahr ihren Dienst in der Winfriedschule an. Daf\u00fcr danken: die Malteser \u2013Referentin f\u00fcr den Schulsanit\u00e4tsdienst, Brigitta Br\u00e4hler-Fischer (stehend, 4. v. rechts), Schulleiter Mathias Dickhut (rechts), Lehrer Andreas Heller( stehend, 3. v. rechts)  und Carina Sauerwein (2. v. rechts) von der VRGenossenschaftsbank. <\/p>\n","protected":false},"excerpt":{"rendered":"<div class=\"tmnf_excerpt\"><p>Wenn es um medizinische Notf\u00e4lle geht, sind die Winfriedsch\u00fcler in guten H\u00e4nden. Am Zeugnistag konnte die Malteser- Referentin f\u00fcr den Schulsanit\u00e4tsdienst, Brigitta Br\u00e4hler-Fischer, 15 neue Schulsanit\u00e4ter in ihr verantwortungsvolles Ehrenamt berufen. Schulleiter Mathias Dickhut und der Koordinator der Schulsanit\u00e4ter, Andreas Heller, dankten den jungen Leuten f\u00fcr ihr Engagement. Auch Carina Sauerwein von der VR Genossenschaftsbank &hellip;<\/p>\n<\/div>","protected":false},"author":1,"featured_media":165187,"comment_status":"closed","ping_status":"closed","sticky":false,"template":"","format":"standard","meta":{"footnotes":""},"categories":[1],"tags":[],"class_list":["post-165179","post","type-post","status-publish","format-standard","has-post-thumbnail","hentry","category-startseite"],"_links":{"self":[{"href":"https:\/\/www.fuldaernachrichten.de\/index.php?rest_route=\/wp\/v2\/posts\/165179","targetHints":{"allow":["GET"]}}],"collection":[{"href":"https:\/\/www.fuldaernachrichten.de\/index.php?rest_route=\/wp\/v2\/posts"}],"about":[{"href":"https:\/\/www.fuldaernachrichten.de\/index.php?rest_route=\/wp\/v2\/types\/post"}],"author":[{"embeddable":true,"href":"https:\/\/www.fuldaernachrichten.de\/index.php?rest_route=\/wp\/v2\/users\/1"}],"replies":[{"embeddable":true,"href":"https:\/\/www.fuldaernachrichten.de\/index.php?rest_route=%2Fwp%2Fv2%2Fcomments&post=165179"}],"version-history":[{"count":1,"href":"https:\/\/www.fuldaernachrichten.de\/index.php?rest_route=\/wp\/v2\/posts\/165179\/revisions"}],"predecessor-version":[{"id":165188,"href":"https:\/\/www.fuldaernachrichten.de\/index.php?rest_route=\/wp\/v2\/posts\/165179\/revisions\/165188"}],"wp:featuredmedia":[{"embeddable":true,"href":"https:\/\/www.fuldaernachrichten.de\/index.php?rest_route=\/wp\/v2\/media\/165187"}],"wp:attachment":[{"href":"https:\/\/www.fuldaernachrichten.de\/index.php?rest_route=%2Fwp%2Fv2%2Fmedia&parent=165179"}],"wp:term":[{"taxonomy":"category","embeddable":true,"href":"https:\/\/www.fuldaernachrichten.de\/index.php?rest_route=%2Fwp%2Fv2%2Fcategories&post=165179"},{"taxonomy":"post_tag","embeddable":true,"href":"https:\/\/www.fuldaernachrichten.de\/index.php?rest_route=%2Fwp%2Fv2%2Ftags&post=165179"}],"curies":[{"name":"wp","href":"https:\/\/api.w.org\/{rel}","templated":true}]}}