{"id":165173,"date":"2017-07-03T07:35:21","date_gmt":"2017-07-03T05:35:21","guid":{"rendered":"http:\/\/www.fuldaer-nachrichten.de\/?p=165173"},"modified":"2017-07-03T07:35:21","modified_gmt":"2017-07-03T05:35:21","slug":"archaeologische-exkursion-der-vhs-der-haimberg-die-kleine-milseburg","status":"publish","type":"post","link":"https:\/\/www.fuldaernachrichten.de\/?p=165173","title":{"rendered":"Arch\u00e4ologische Exkursion der vhs Der Haimberg &#8211; die &#8220;kleine Milseburg&#8221;?"},"content":{"rendered":"<p>Zur dritten und letzten Exkursion innerhalb der Reihe \u201eDer Haimberg &#8211; Kleinod vor den Toren der Stadt Fulda&#8221; l\u00e4dt die St\u00e4dtische Volkshochschule (vhs) am Donnerstag, 6. Juli, ein. Stadt- und Kreisarch\u00e4ologe Dr. Frank Verse stellt die vor- und fr\u00fchgeschichtlichen Besonderheiten des Fuldaer &#8220;Hausbergs&#8221; vor. Wegen seiner markanten Lage im Fuldaer Becken spielte der Haimberg bereits seit der Bronzezeit eine \u00fcberragende Rolle f\u00fcr die regionale Arch\u00e4ologie. Die Bedeutung der Funde ist in Teilen durchaus vergleichbar mit denen an der Milseburg. Die Veranstaltung beginnt um 17 Uhr und dauert rund zwei Stunden. Treffpunkt ist an der Kirche in Haimbach.<\/p>\n","protected":false},"excerpt":{"rendered":"<div class=\"tmnf_excerpt\"><p>Zur dritten und letzten Exkursion innerhalb der Reihe \u201eDer Haimberg &#8211; Kleinod vor den Toren der Stadt Fulda&#8221; l\u00e4dt die St\u00e4dtische Volkshochschule (vhs) am Donnerstag, 6. Juli, ein. Stadt- und Kreisarch\u00e4ologe Dr. Frank Verse stellt die vor- und fr\u00fchgeschichtlichen Besonderheiten des Fuldaer &#8220;Hausbergs&#8221; vor. Wegen seiner markanten Lage im Fuldaer Becken spielte der Haimberg bereits &hellip;<\/p>\n<\/div>","protected":false},"author":1,"featured_media":0,"comment_status":"closed","ping_status":"closed","sticky":false,"template":"","format":"standard","meta":{"footnotes":""},"categories":[1],"tags":[],"class_list":["post-165173","post","type-post","status-publish","format-standard","hentry","category-startseite"],"_links":{"self":[{"href":"https:\/\/www.fuldaernachrichten.de\/index.php?rest_route=\/wp\/v2\/posts\/165173","targetHints":{"allow":["GET"]}}],"collection":[{"href":"https:\/\/www.fuldaernachrichten.de\/index.php?rest_route=\/wp\/v2\/posts"}],"about":[{"href":"https:\/\/www.fuldaernachrichten.de\/index.php?rest_route=\/wp\/v2\/types\/post"}],"author":[{"embeddable":true,"href":"https:\/\/www.fuldaernachrichten.de\/index.php?rest_route=\/wp\/v2\/users\/1"}],"replies":[{"embeddable":true,"href":"https:\/\/www.fuldaernachrichten.de\/index.php?rest_route=%2Fwp%2Fv2%2Fcomments&post=165173"}],"version-history":[{"count":1,"href":"https:\/\/www.fuldaernachrichten.de\/index.php?rest_route=\/wp\/v2\/posts\/165173\/revisions"}],"predecessor-version":[{"id":165182,"href":"https:\/\/www.fuldaernachrichten.de\/index.php?rest_route=\/wp\/v2\/posts\/165173\/revisions\/165182"}],"wp:attachment":[{"href":"https:\/\/www.fuldaernachrichten.de\/index.php?rest_route=%2Fwp%2Fv2%2Fmedia&parent=165173"}],"wp:term":[{"taxonomy":"category","embeddable":true,"href":"https:\/\/www.fuldaernachrichten.de\/index.php?rest_route=%2Fwp%2Fv2%2Fcategories&post=165173"},{"taxonomy":"post_tag","embeddable":true,"href":"https:\/\/www.fuldaernachrichten.de\/index.php?rest_route=%2Fwp%2Fv2%2Ftags&post=165173"}],"curies":[{"name":"wp","href":"https:\/\/api.w.org\/{rel}","templated":true}]}}