{"id":165168,"date":"2017-07-03T07:34:49","date_gmt":"2017-07-03T05:34:49","guid":{"rendered":"http:\/\/www.fuldaer-nachrichten.de\/?p=165168"},"modified":"2017-07-03T07:34:49","modified_gmt":"2017-07-03T05:34:49","slug":"erstmals-schwestern-und-pflegehelfer-ausgebildet","status":"publish","type":"post","link":"https:\/\/www.fuldaernachrichten.de\/?p=165168","title":{"rendered":"Erstmals Schwestern- und Pflegehelfer ausgebildet"},"content":{"rendered":"<p>In Kooperation mit dem Malteser Hilfsdienst Fulda unter Leitung von Matthias Schnell erhielten heute 25 Schwesternhelferinnen und 2 Pflegediensthelfer der Eduard-Stieler-schule (ESS) ihre Zertifikate.<\/p>\n<p>Im Rahmen der gestuften Berufsfachschule hat die ESS den Sch\u00fclerinnen und Sch\u00fclern die M\u00f6glichkeit geboten eine Qualifikation zur Schwesterhelferin oder zum Pflegediensthelfer zu erwerben. Dabei ist der Unterricht dem entsprechenden Curriculum der Malteser angepasst. Neben selbstst\u00e4ndigem Lernen waren 120 Unterrichtsstunden erforderlich, um am Ende den theoretischen und praktischen Pr\u00fcfungsteil zu bestehen. Ein ebenfalls notwendiges zweiw\u00f6chiges Praktikum wurde bereits im Rahmen eines vierw\u00f6chigen Schulpraktikums absolviert.<\/p>\n<p>Die Teilnahme an der Pr\u00fcfung war freiwillig, bietet aber den Sch\u00fclerinnen und Sch\u00fclern die M\u00f6glichkeit, die Schule nach einem Jahr mit einem Hauptschulabschluss oder nach zwei Jahren mit dem Mittleren Bildungsabschluss und mit einer Schwesternpflegehelferinnenausbildung zu verlassen. Damit leistet die Eduard-Stieler-Schule einen Beitrag zur Behebung des Pflegenotstands.<\/p>\n<p>Erfolgreich an den Kursen haben teilgenommen: Jenna Altmann, Jette Altmann, Brandon Banna\u00df, Juliane Belz, Sibel Beuermann, Katinca Bissinger, Laura B\u00fcttner, Mireile Burghardt, Anna Deget, Lisa Deget, Mariella Dittmar, Angelina Firle, Alena Gliebert, Vanessa Kl\u00fcber, Lea Lauber, Luisa Lippert, Emilie Morlang, Lisa-Marie M\u00fcller, Celina Nowak, Nicole Paul, Justus Reinhardt, Theresa Schlusen, Annika Scholl, Nele Stollte, Helena Trapp, Natalie Tukscher, Yagmur Yildrim.<\/p>\n<p>Der Pflegeunterricht an der ESS wurde von den Fachlehrerinnen Eva-Maria Aap, Christa Ankenbrand, Eva Lips und Elisabeth Wolf durchgef\u00fchrt und im Hintergrund von Abteilungsleiter Thomas Willert unterst\u00fctzt und begleitet.<\/p>\n","protected":false},"excerpt":{"rendered":"<div class=\"tmnf_excerpt\"><p>In Kooperation mit dem Malteser Hilfsdienst Fulda unter Leitung von Matthias Schnell erhielten heute 25 Schwesternhelferinnen und 2 Pflegediensthelfer der Eduard-Stieler-schule (ESS) ihre Zertifikate. Im Rahmen der gestuften Berufsfachschule hat die ESS den Sch\u00fclerinnen und Sch\u00fclern die M\u00f6glichkeit geboten eine Qualifikation zur Schwesterhelferin oder zum Pflegediensthelfer zu erwerben. Dabei ist der Unterricht dem entsprechenden Curriculum &hellip;<\/p>\n<\/div>","protected":false},"author":1,"featured_media":165177,"comment_status":"closed","ping_status":"closed","sticky":false,"template":"","format":"standard","meta":{"footnotes":""},"categories":[1],"tags":[],"class_list":["post-165168","post","type-post","status-publish","format-standard","has-post-thumbnail","hentry","category-startseite"],"_links":{"self":[{"href":"https:\/\/www.fuldaernachrichten.de\/index.php?rest_route=\/wp\/v2\/posts\/165168","targetHints":{"allow":["GET"]}}],"collection":[{"href":"https:\/\/www.fuldaernachrichten.de\/index.php?rest_route=\/wp\/v2\/posts"}],"about":[{"href":"https:\/\/www.fuldaernachrichten.de\/index.php?rest_route=\/wp\/v2\/types\/post"}],"author":[{"embeddable":true,"href":"https:\/\/www.fuldaernachrichten.de\/index.php?rest_route=\/wp\/v2\/users\/1"}],"replies":[{"embeddable":true,"href":"https:\/\/www.fuldaernachrichten.de\/index.php?rest_route=%2Fwp%2Fv2%2Fcomments&post=165168"}],"version-history":[{"count":1,"href":"https:\/\/www.fuldaernachrichten.de\/index.php?rest_route=\/wp\/v2\/posts\/165168\/revisions"}],"predecessor-version":[{"id":165178,"href":"https:\/\/www.fuldaernachrichten.de\/index.php?rest_route=\/wp\/v2\/posts\/165168\/revisions\/165178"}],"wp:featuredmedia":[{"embeddable":true,"href":"https:\/\/www.fuldaernachrichten.de\/index.php?rest_route=\/wp\/v2\/media\/165177"}],"wp:attachment":[{"href":"https:\/\/www.fuldaernachrichten.de\/index.php?rest_route=%2Fwp%2Fv2%2Fmedia&parent=165168"}],"wp:term":[{"taxonomy":"category","embeddable":true,"href":"https:\/\/www.fuldaernachrichten.de\/index.php?rest_route=%2Fwp%2Fv2%2Fcategories&post=165168"},{"taxonomy":"post_tag","embeddable":true,"href":"https:\/\/www.fuldaernachrichten.de\/index.php?rest_route=%2Fwp%2Fv2%2Ftags&post=165168"}],"curies":[{"name":"wp","href":"https:\/\/api.w.org\/{rel}","templated":true}]}}