{"id":165158,"date":"2017-07-03T07:33:54","date_gmt":"2017-07-03T05:33:54","guid":{"rendered":"http:\/\/www.fuldaer-nachrichten.de\/?p=165158"},"modified":"2017-07-03T07:33:54","modified_gmt":"2017-07-03T05:33:54","slug":"rasenlabyrinth-am-umweltzentrum","status":"publish","type":"post","link":"https:\/\/www.fuldaernachrichten.de\/?p=165158","title":{"rendered":"Rasenlabyrinth am Umweltzentrum"},"content":{"rendered":"<p><a href=\"http:\/\/www.fuldaer-nachrichten.de\/wp-content\/uploads\/2017\/07\/20170626_170111.jpg\"><img fetchpriority=\"high\" decoding=\"async\" src=\"http:\/\/www.fuldaer-nachrichten.de\/wp-content\/uploads\/2017\/07\/20170626_170111-265x199.jpg\" alt=\"\" width=\"265\" height=\"199\" class=\"alignleft size-thumbnail wp-image-165167\" srcset=\"https:\/\/www.fuldaernachrichten.de\/wp-content\/uploads\/2017\/07\/20170626_170111-265x199.jpg 265w, https:\/\/www.fuldaernachrichten.de\/wp-content\/uploads\/2017\/07\/20170626_170111-768x576.jpg 768w, https:\/\/www.fuldaernachrichten.de\/wp-content\/uploads\/2017\/07\/20170626_170111-600x450.jpg 600w, https:\/\/www.fuldaernachrichten.de\/wp-content\/uploads\/2017\/07\/20170626_170111.jpg 900w\" sizes=\"(max-width: 265px) 100vw, 265px\" \/><\/a>Weitere Attraktion im Rahmen des \u201eTags der Offenen G\u00e4rten\u201c: Seit dieser Woche steht das Rasenlabyrinth am Umweltzentrum in der Fulda-Aue als Offenes Angebot zur Verf\u00fcgung. Es befindet sich auf der gro\u00dfen Wiese vor dem Umweltzentrum und kann bis zum M\u00e4htermin voraussichtlich Ende Juli\/ Mitte August begangen und bespielt werden. Es wurde von G\u00e4rtnermeister Frank Storkebaum, Umweltzentrum konstruiert und angelegt und wird auch bis zum M\u00e4htermin weiter gepflegt. Am Rasenlabyrinth ist eine Hinweistafel angebracht, welche die Hintergr\u00fcnde und die Symbolik unterschiedlicher Labyrinthe erl\u00e4utert.<br \/>\nDas weitere Programm zum Tag der Offenen G\u00e4rten finden Sie hier: \u00e2\u20ac\u00a8www.offene-gaerten-fulda.de<\/p>\n","protected":false},"excerpt":{"rendered":"<div class=\"tmnf_excerpt\"><p>Weitere Attraktion im Rahmen des \u201eTags der Offenen G\u00e4rten\u201c: Seit dieser Woche steht das Rasenlabyrinth am Umweltzentrum in der Fulda-Aue als Offenes Angebot zur Verf\u00fcgung. Es befindet sich auf der gro\u00dfen Wiese vor dem Umweltzentrum und kann bis zum M\u00e4htermin voraussichtlich Ende Juli\/ Mitte August begangen und bespielt werden. Es wurde von G\u00e4rtnermeister Frank Storkebaum, &hellip;<\/p>\n<\/div>","protected":false},"author":1,"featured_media":165169,"comment_status":"closed","ping_status":"closed","sticky":false,"template":"","format":"standard","meta":{"footnotes":""},"categories":[1],"tags":[],"class_list":["post-165158","post","type-post","status-publish","format-standard","has-post-thumbnail","hentry","category-startseite"],"_links":{"self":[{"href":"https:\/\/www.fuldaernachrichten.de\/index.php?rest_route=\/wp\/v2\/posts\/165158","targetHints":{"allow":["GET"]}}],"collection":[{"href":"https:\/\/www.fuldaernachrichten.de\/index.php?rest_route=\/wp\/v2\/posts"}],"about":[{"href":"https:\/\/www.fuldaernachrichten.de\/index.php?rest_route=\/wp\/v2\/types\/post"}],"author":[{"embeddable":true,"href":"https:\/\/www.fuldaernachrichten.de\/index.php?rest_route=\/wp\/v2\/users\/1"}],"replies":[{"embeddable":true,"href":"https:\/\/www.fuldaernachrichten.de\/index.php?rest_route=%2Fwp%2Fv2%2Fcomments&post=165158"}],"version-history":[{"count":1,"href":"https:\/\/www.fuldaernachrichten.de\/index.php?rest_route=\/wp\/v2\/posts\/165158\/revisions"}],"predecessor-version":[{"id":165174,"href":"https:\/\/www.fuldaernachrichten.de\/index.php?rest_route=\/wp\/v2\/posts\/165158\/revisions\/165174"}],"wp:featuredmedia":[{"embeddable":true,"href":"https:\/\/www.fuldaernachrichten.de\/index.php?rest_route=\/wp\/v2\/media\/165169"}],"wp:attachment":[{"href":"https:\/\/www.fuldaernachrichten.de\/index.php?rest_route=%2Fwp%2Fv2%2Fmedia&parent=165158"}],"wp:term":[{"taxonomy":"category","embeddable":true,"href":"https:\/\/www.fuldaernachrichten.de\/index.php?rest_route=%2Fwp%2Fv2%2Fcategories&post=165158"},{"taxonomy":"post_tag","embeddable":true,"href":"https:\/\/www.fuldaernachrichten.de\/index.php?rest_route=%2Fwp%2Fv2%2Ftags&post=165158"}],"curies":[{"name":"wp","href":"https:\/\/api.w.org\/{rel}","templated":true}]}}