{"id":165147,"date":"2017-07-03T07:31:39","date_gmt":"2017-07-03T05:31:39","guid":{"rendered":"http:\/\/www.fuldaer-nachrichten.de\/?p=165147"},"modified":"2017-07-03T07:31:39","modified_gmt":"2017-07-03T05:31:39","slug":"tagesexkursion-zur-wasserkuppe","status":"publish","type":"post","link":"https:\/\/www.fuldaernachrichten.de\/?p=165147","title":{"rendered":"Tagesexkursion zur Wasserkuppe"},"content":{"rendered":"<p>Eine Tagesexkursion der Volkshochschule des Landkreises Fulda unter der Leitung von Walter Bernhardt beginnt am Donnerstag, 20. Juli, um 10.10 Uhr am zentralen Busbahnhof in Fulda. Mit dem Bus geht es hinauf auf die 950 Meter hohe Wasserkuppe, die zun\u00e4chst erkundet wird. Von dort erfolgt der Abstieg in Richtung Guckaisee und Heckenh\u00f6fchen bis nach Poppenhausen. Infos und Anmeldung mit Kursnummer VO1000181 unter www.vhs-fulda.de oder telefonisch beim B\u00fcrgerservice (0661)6006 1600. <\/p>\n","protected":false},"excerpt":{"rendered":"<div class=\"tmnf_excerpt\"><p>Eine Tagesexkursion der Volkshochschule des Landkreises Fulda unter der Leitung von Walter Bernhardt beginnt am Donnerstag, 20. Juli, um 10.10 Uhr am zentralen Busbahnhof in Fulda. Mit dem Bus geht es hinauf auf die 950 Meter hohe Wasserkuppe, die zun\u00e4chst erkundet wird. Von dort erfolgt der Abstieg in Richtung Guckaisee und Heckenh\u00f6fchen bis nach Poppenhausen. &hellip;<\/p>\n<\/div>","protected":false},"author":1,"featured_media":0,"comment_status":"closed","ping_status":"closed","sticky":false,"template":"","format":"standard","meta":{"footnotes":""},"categories":[1],"tags":[],"class_list":["post-165147","post","type-post","status-publish","format-standard","hentry","category-startseite"],"_links":{"self":[{"href":"https:\/\/www.fuldaernachrichten.de\/index.php?rest_route=\/wp\/v2\/posts\/165147","targetHints":{"allow":["GET"]}}],"collection":[{"href":"https:\/\/www.fuldaernachrichten.de\/index.php?rest_route=\/wp\/v2\/posts"}],"about":[{"href":"https:\/\/www.fuldaernachrichten.de\/index.php?rest_route=\/wp\/v2\/types\/post"}],"author":[{"embeddable":true,"href":"https:\/\/www.fuldaernachrichten.de\/index.php?rest_route=\/wp\/v2\/users\/1"}],"replies":[{"embeddable":true,"href":"https:\/\/www.fuldaernachrichten.de\/index.php?rest_route=%2Fwp%2Fv2%2Fcomments&post=165147"}],"version-history":[{"count":1,"href":"https:\/\/www.fuldaernachrichten.de\/index.php?rest_route=\/wp\/v2\/posts\/165147\/revisions"}],"predecessor-version":[{"id":165155,"href":"https:\/\/www.fuldaernachrichten.de\/index.php?rest_route=\/wp\/v2\/posts\/165147\/revisions\/165155"}],"wp:attachment":[{"href":"https:\/\/www.fuldaernachrichten.de\/index.php?rest_route=%2Fwp%2Fv2%2Fmedia&parent=165147"}],"wp:term":[{"taxonomy":"category","embeddable":true,"href":"https:\/\/www.fuldaernachrichten.de\/index.php?rest_route=%2Fwp%2Fv2%2Fcategories&post=165147"},{"taxonomy":"post_tag","embeddable":true,"href":"https:\/\/www.fuldaernachrichten.de\/index.php?rest_route=%2Fwp%2Fv2%2Ftags&post=165147"}],"curies":[{"name":"wp","href":"https:\/\/api.w.org\/{rel}","templated":true}]}}