{"id":165120,"date":"2017-07-03T07:31:31","date_gmt":"2017-07-03T05:31:31","guid":{"rendered":"http:\/\/www.fuldaer-nachrichten.de\/?p=165120"},"modified":"2017-07-03T07:31:31","modified_gmt":"2017-07-03T05:31:31","slug":"siegerinnen-und-sieger-des-antolin-wettbewerbs-an-den-kreisschulen-erhalten-urkunden-und-buchgutscheine","status":"publish","type":"post","link":"https:\/\/www.fuldaernachrichten.de\/?p=165120","title":{"rendered":"Siegerinnen und Sieger des Antolin-Wettbewerbs an den Kreisschulen erhalten Urkunden und Buchgutscheine"},"content":{"rendered":"<p>Zum zw\u00f6lften Mal wurde an den Schulen in der Region der Antolin-Lesewettbewerb ausgetragen, den der ehemalige Leiter der Kreis- und Stadtbildstelle Fulda, Rudolf Karpe, ins Leben gerufen hat. In diesem Jahr beteiligten sich insgesamt 53 Schulen in Tr\u00e4gerschaft des Landkreises und der Stadt Fulda. Die Siegerehrung der besten Leserinnen und Leser an den Kreisschulen fand jetzt in der Grundschule St. Georg in Gro\u00dfenl\u00fcder statt.<\/p>\n<p>Der Antolin-Lesewettbewerb soll das Interesse am Lesen auch in der Freizeit und das Verst\u00e4ndnis des Gelesenen f\u00f6rdern. Die Sch\u00fclerinnen und Sch\u00fcler sammeln Punkte, indem sie in einem Online-Portal Fragen zu gelesenen B\u00fcchern beantworten. Die Punkte werden von den teilnehmenden Schulen dem Medienzentrum Fulda, der fr\u00fcheren Kreis- und Stadtbildstelle, gemeldet und dort ausgewertet. Das Medienzentrum erstellt auch die Urkunden und bereitet die Preisverleihung vor. Die Klassensieger bei den M\u00e4dchen und Jungen erhalten jeweils eine Urkunde und ab einer bestimmten Punktezahl einen Buchgutschein. Ehrenurkunden und ebenfalls Buchgutscheine gibt es f\u00fcr die Jahrgangsbesten sowie das beste M\u00e4dchen und den besten Jungen an den Kreis- beziehungsweise st\u00e4dtischen Schulen.<\/p>\n<p>Am vergangenen Dienstag wurden in der Turnhalle der Grundschule St. Georg die Urkunden des  diesj\u00e4hrigen Antolin-Lesewettbewerbs stellvertretend f\u00fcr alle Landkreisschulen an die erfolgreichen Sch\u00fclerinnen und Sch\u00fclern \u00fcberreicht. Neben Lehrern, Eltern sowie Sch\u00fclerinnen und Sch\u00fcler waren auch Elisabeth Franc, Leiterin des Medienzentrums, und Anna Neufeld, Koordinatorin des Antolin-Wettbewerbs, anwesend. Schulleiterin Barbara Tsch\u00f6pe-Scholl begr\u00fc\u00dfte alle G\u00e4ste und dankte dem Medienzentrum, dass es die Grundschule St. Georg f\u00fcr die Siegerehrung ausgew\u00e4hlt habe. An der Grundschule St. Georg w\u00fcrden alle Sch\u00fclerinnen und Sch\u00fcler ab der zweiten Klasse flei\u00dfig am Antolin-Lesewettbewerb teilnehmen. Finanzielle Unterst\u00fctzung leiste der F\u00f6rderverein der Schule.<\/p>\n<p>Medienzentrumsleiterin Elisabeth Franc erkl\u00e4rte den Kindern, wie die Auswertung zustande komme und warum Lesen wichtig sei. Durch den Antolin-Wettbewerb sollten sie motiviert werden, ihre Lesekompetenz stetig zu steigern. Auch bedankte sie sich beim Kollegium der Grundschule St. Georg, das Antolin in den Klassen einf\u00fchrt und damit arbeitet, bei ihren Mitarbeiterinnen, die die j\u00e4hrliche Auswertung vornehmen \u2013 bei 640.000 erlesenen Punkten kein leichtes Unterfangen \u2013 sowie beim Landkreis, der die Gutscheine finanziert. Als Anerkennung f\u00fcr die Schulgemeinde \u00fcberreichte sie ein Plakat, das die Grundschule St. Georg als Antolin-Schule auszeichnet. Die Feierstunde wurde durch einen Liedvortrag des Schulchors sowie zwei Tanzauff\u00fchrungen von Sch\u00fclerinnen umrahmt.<\/p>\n<p>Jahrgangssieger<br \/>\nKlasse 1:<br \/>\nSvea Gutmann, Grundschule Langenbieber<br \/>\nLeon Keller, Grundschule Am Langenberg M\u00fcs<br \/>\nKlasse 2:<br \/>\nTamina Heil, Grundschule Am Rippberg Hattenhof<br \/>\nRaphael Tomberg, Keltenwallschule Margretenhaun<br \/>\nKlasse 3:<br \/>\nAurelia K\u00f6nig, Grundschule Marbach<br \/>\nHenry Hambach, Ritter-von-Haune-Schule Burghaun<br \/>\nKlasse 4<br \/>\nMarla Bieber, Ahornschule L\u00fctter (auch Gesamtsiegerin Kreisschulen)<br \/>\nBilal-Emre Tetik, Fliedetalschule Flieden (auch Gesamtsieger Kreisschulen)<\/p>\n","protected":false},"excerpt":{"rendered":"<div class=\"tmnf_excerpt\"><p>Zum zw\u00f6lften Mal wurde an den Schulen in der Region der Antolin-Lesewettbewerb ausgetragen, den der ehemalige Leiter der Kreis- und Stadtbildstelle Fulda, Rudolf Karpe, ins Leben gerufen hat. In diesem Jahr beteiligten sich insgesamt 53 Schulen in Tr\u00e4gerschaft des Landkreises und der Stadt Fulda. Die Siegerehrung der besten Leserinnen und Leser an den Kreisschulen fand &hellip;<\/p>\n<\/div>","protected":false},"author":1,"featured_media":165140,"comment_status":"closed","ping_status":"closed","sticky":false,"template":"","format":"standard","meta":{"footnotes":""},"categories":[1],"tags":[],"class_list":["post-165120","post","type-post","status-publish","format-standard","has-post-thumbnail","hentry","category-startseite"],"_links":{"self":[{"href":"https:\/\/www.fuldaernachrichten.de\/index.php?rest_route=\/wp\/v2\/posts\/165120","targetHints":{"allow":["GET"]}}],"collection":[{"href":"https:\/\/www.fuldaernachrichten.de\/index.php?rest_route=\/wp\/v2\/posts"}],"about":[{"href":"https:\/\/www.fuldaernachrichten.de\/index.php?rest_route=\/wp\/v2\/types\/post"}],"author":[{"embeddable":true,"href":"https:\/\/www.fuldaernachrichten.de\/index.php?rest_route=\/wp\/v2\/users\/1"}],"replies":[{"embeddable":true,"href":"https:\/\/www.fuldaernachrichten.de\/index.php?rest_route=%2Fwp%2Fv2%2Fcomments&post=165120"}],"version-history":[{"count":1,"href":"https:\/\/www.fuldaernachrichten.de\/index.php?rest_route=\/wp\/v2\/posts\/165120\/revisions"}],"predecessor-version":[{"id":165152,"href":"https:\/\/www.fuldaernachrichten.de\/index.php?rest_route=\/wp\/v2\/posts\/165120\/revisions\/165152"}],"wp:featuredmedia":[{"embeddable":true,"href":"https:\/\/www.fuldaernachrichten.de\/index.php?rest_route=\/wp\/v2\/media\/165140"}],"wp:attachment":[{"href":"https:\/\/www.fuldaernachrichten.de\/index.php?rest_route=%2Fwp%2Fv2%2Fmedia&parent=165120"}],"wp:term":[{"taxonomy":"category","embeddable":true,"href":"https:\/\/www.fuldaernachrichten.de\/index.php?rest_route=%2Fwp%2Fv2%2Fcategories&post=165120"},{"taxonomy":"post_tag","embeddable":true,"href":"https:\/\/www.fuldaernachrichten.de\/index.php?rest_route=%2Fwp%2Fv2%2Ftags&post=165120"}],"curies":[{"name":"wp","href":"https:\/\/api.w.org\/{rel}","templated":true}]}}