{"id":165119,"date":"2017-07-03T07:29:16","date_gmt":"2017-07-03T05:29:16","guid":{"rendered":"http:\/\/www.fuldaer-nachrichten.de\/?p=165119"},"modified":"2017-07-03T07:29:16","modified_gmt":"2017-07-03T05:29:16","slug":"geheimnisvolle-kraefte-der-pflanzenwelt","status":"publish","type":"post","link":"https:\/\/www.fuldaernachrichten.de\/?p=165119","title":{"rendered":"Geheimnisvolle Kr\u00e4fte der Pflanzenwelt"},"content":{"rendered":"<p>Der Mensch nutzt seit jeher die Kr\u00e4fte der Pflanzenwelt. Auf einer rund 5,5 Kilometer langen Wanderung der Volkshochschule des Landkreises Fulda wird die Rolle der heimischen Pflanzen in Sagen und Mythen erl\u00e4utert. Treffpunkt ist am Sonntag, 23. Juli, um 15 Uhr an der Naturheilpraxis in Hainzell, Am Wei\u00dfen Stein 6. Infos und Anmeldung mit Kursnummer VO3001515 unter www.vhs-fulda.de oder beim B\u00fcrgerservice Telefon (0661)6006-1600.<\/p>\n","protected":false},"excerpt":{"rendered":"<div class=\"tmnf_excerpt\"><p>Der Mensch nutzt seit jeher die Kr\u00e4fte der Pflanzenwelt. Auf einer rund 5,5 Kilometer langen Wanderung der Volkshochschule des Landkreises Fulda wird die Rolle der heimischen Pflanzen in Sagen und Mythen erl\u00e4utert. Treffpunkt ist am Sonntag, 23. Juli, um 15 Uhr an der Naturheilpraxis in Hainzell, Am Wei\u00dfen Stein 6. Infos und Anmeldung mit Kursnummer &hellip;<\/p>\n<\/div>","protected":false},"author":1,"featured_media":0,"comment_status":"closed","ping_status":"closed","sticky":false,"template":"","format":"standard","meta":{"footnotes":""},"categories":[1],"tags":[],"class_list":["post-165119","post","type-post","status-publish","format-standard","hentry","category-startseite"],"_links":{"self":[{"href":"https:\/\/www.fuldaernachrichten.de\/index.php?rest_route=\/wp\/v2\/posts\/165119","targetHints":{"allow":["GET"]}}],"collection":[{"href":"https:\/\/www.fuldaernachrichten.de\/index.php?rest_route=\/wp\/v2\/posts"}],"about":[{"href":"https:\/\/www.fuldaernachrichten.de\/index.php?rest_route=\/wp\/v2\/types\/post"}],"author":[{"embeddable":true,"href":"https:\/\/www.fuldaernachrichten.de\/index.php?rest_route=\/wp\/v2\/users\/1"}],"replies":[{"embeddable":true,"href":"https:\/\/www.fuldaernachrichten.de\/index.php?rest_route=%2Fwp%2Fv2%2Fcomments&post=165119"}],"version-history":[{"count":1,"href":"https:\/\/www.fuldaernachrichten.de\/index.php?rest_route=\/wp\/v2\/posts\/165119\/revisions"}],"predecessor-version":[{"id":165132,"href":"https:\/\/www.fuldaernachrichten.de\/index.php?rest_route=\/wp\/v2\/posts\/165119\/revisions\/165132"}],"wp:attachment":[{"href":"https:\/\/www.fuldaernachrichten.de\/index.php?rest_route=%2Fwp%2Fv2%2Fmedia&parent=165119"}],"wp:term":[{"taxonomy":"category","embeddable":true,"href":"https:\/\/www.fuldaernachrichten.de\/index.php?rest_route=%2Fwp%2Fv2%2Fcategories&post=165119"},{"taxonomy":"post_tag","embeddable":true,"href":"https:\/\/www.fuldaernachrichten.de\/index.php?rest_route=%2Fwp%2Fv2%2Ftags&post=165119"}],"curies":[{"name":"wp","href":"https:\/\/api.w.org\/{rel}","templated":true}]}}