{"id":165116,"date":"2017-07-03T07:26:54","date_gmt":"2017-07-03T05:26:54","guid":{"rendered":"http:\/\/www.fuldaer-nachrichten.de\/?p=165116"},"modified":"2017-07-03T07:26:54","modified_gmt":"2017-07-03T05:26:54","slug":"31-zahnmedizinische-fachangestellte-der-eduard-stieler-schule-verabschiedet","status":"publish","type":"post","link":"https:\/\/www.fuldaernachrichten.de\/?p=165116","title":{"rendered":"31 Zahnmedizinische Fachangestellte der Eduard-Stieler-Schule verabschiedet"},"content":{"rendered":"<p>Der Kreisstellenvorsitzende der Zahn\u00e4rzte Fuldas, Dr. Arnd Neidhardt, begl\u00fcckw\u00fcnschte zur ihrer bestandenen schriftlichen und praktischen Pr\u00fcfung 31 Zahnmedizinische Fachangestellte im >Hotel Fulda Mitte<. Er lobte als Pr\u00fcfungsvorsitzender und Fachlehrer, dass Durchhalteverm\u00f6gen der jungen Frauen das angestrebte Ausbildungsziel erreicht zu haben.\n\nDr. Neidhardt machte aber auch deutlich: \u201eHeute haben Sie sicherlich einen wichtigen Etappensieg erreicht. Trotzdem werden Sie sich in der Zukunft fort- und weiterbilden m\u00fcssen.\u201c Zum Beispiel eine Spezialisierung zur Zahnmedizinischen Prophylaxeassistentin (ZMB) oder\/und Zahnmedizinischen Verwaltungshelferin, die f\u00fcr den administrativen Bereich einer Praxis zust\u00e4ndig ist, aber auch die Fachwirtin f\u00fcr Zahn\u00e4rztliches Praxismanagement, als eine der h\u00f6chsten Stufen im Bereich der Administration sind M\u00f6glichkeiten, um in einer Zahnarztpraxis sein Wissen zu erweitern und \u00e2\u20ac\u0161aufzusteigen\u00e2\u20ac\u02dc. \nZur\u00fcckblickend erinnerte der Fachlehrer Neidhardt daran: \u201eSchule war sicherlich, neben der t\u00e4glichen Praxis, immer wieder eine Abwechslung, wo Sie Ihr theoretisches Wissen erweitern konnten, aber wo Sie auch Freude im Austausch hatten. Sich zu treffen, in Verbindung zu bleiben -das sollten Sie beibehalten\u201c.\n\nAbteilungsleiterin Angelika Bott-Werner gratulierte den jungen Frauen, einen Abschnitt in ihrem Leben erreicht zu haben, der eine gute Basis f\u00fcr ihre Zukunft ist, aber keinen Stillstand, kein Anhalten, Aufh\u00f6ren bedeuten kann.\nPrivat, beruflich sind die Zeiten unsicherer, weniger vorhersehbar.\nPartnerschaften, Beziehungen dauern oft nicht mehr ein Leben lang. So ist es wichtig -neben Smartphone und WhatsApp Freund- und Bekanntschaften zu pflegen.\nBeruflich sagen Prognosen, dass Menschen zwei, drei unterschiedliche Berufe aus\u00fcben werden. So ist \u201elebenslanges Lernen\u201c angesagt, um nicht den Anschluss zu verlieren und auf Dauer einen sicheren Arbeitsplatz zu haben.\nUnd politisch -so f\u00fchrte die Politiklehrerin weiter aus- profitieren wir von offenen Grenzen europa- und weltweit, von einer gro\u00dfen Warenvielfalt, Reisen nach Amerika und Australien. Es gibt aber auch Schattenseiten wie die fast t\u00e4glichen Anschl\u00e4ge des IS und Kriege, Hungersn\u00f6te vor denen Menschen nach Europa fliehen.\nBott-Werner forderte die Zahnmedizinischen Fachangestellten auf: \u201eInteressieren sich f\u00fcr Ihre Umwelt, f\u00fcr Ihre Mitmenschen -auch wenn sie eine andere Religion haben, aus anderen L\u00e4ndern kommen und nehmen Sie die Politik in Deutschland, Europa und weltweit wahr, um Entscheidungen mittragen oder ablehnen zu k\u00f6nnen. Alles -ohne Kenntnisse- zu kritisieren, dagegen zu sein -hilft uns allen nicht weiter!\u201c\nZum Abschluss w\u00fcnschte die Studiendirektorin den jungen Frauen: \u201eDie Kunst zu leben, besteht vielleicht vor allem darin, seinen eigenen Weg zu   gehen und sich dabei die Offenheit zu bewahren immer wieder Neues zu entdecken. Bleiben Sie neugierig und geben Sie nicht auf!\u201c\n\nKlassenlehrerin Frau Franziska Zinn bedankte sich bei den ehemaligen Sch\u00fclerinnen f\u00fcr eine gute Klassengemeinschaft, wo Interesse am Unterricht gezeigt wurde, aber die Freude und das menschliche Miteinander nicht zu kurz gekommen sind.\nChristian Riehl erinnerte an \u201edrei Jahre, der H\u00f6hen und Tiefen, die von fast\nallen \u00e2\u20ac\u0161Zahnis\u00e2\u20ac\u02dc erfolgreich durchlebt wurden und die das angestrebte Ziel letzt-endlich erreichten\u201c.\nDr. Rainer Klaus, unterrichtender Zahnarzt, w\u00fcnschte den jungen Frauen \u00e2\u20ac\u0161viel Gl\u00fcck auf Ihrem weiteren Lebensweg\u201c und ermunterte, \u201edass Sie Ihrem Beruf treu und verbunden bleiben in einem Berufsfeld, das es auch in der Zukunft geben wird.\n\nNach der feierlichen \u00dcberreichung der Zeugnisse mit einer Rose bedankte sich Klassensprecherin Lisa B\u00f6hm, beste Zahnmedizinische Fachangestellte -vorher Ausbildung zur K\u00f6chin und auf dem Weg zu einer Weiterbildung- \u201ef\u00fcr einen interessanten und zielf\u00fchrenden Unterricht in den vergangenen drei Jahren\u201c. Sie und weitere ehemalige Sch\u00fclerinnen \u00fcberreichten den anwesenden Lehrerinnen und Lehrern Blumen und kleine Geschenke \u201ef\u00fcr das Engagement und \u00e2\u20ac\u0161immer ein offenes Ohr, wenn es der einen oder anderen Sch\u00fclerin einmal nicht gut ging\u00e2\u20ac\u02dc.\n\nBei einem Brunch feierten alle noch einige Stunden lang den Erfolg der\nZahnmedizinischen Fachangestellten 2017.\n\n<\/p>\n","protected":false},"excerpt":{"rendered":"<div class=\"tmnf_excerpt\"><p>Der Kreisstellenvorsitzende der Zahn\u00e4rzte Fuldas, Dr. Arnd Neidhardt, begl\u00fcckw\u00fcnschte zur ihrer bestandenen schriftlichen und praktischen Pr\u00fcfung 31 Zahnmedizinische Fachangestellte im >Hotel Fulda Mitte<\/p>\n<\/div>","protected":false},"author":1,"featured_media":165121,"comment_status":"closed","ping_status":"closed","sticky":false,"template":"","format":"standard","meta":{"footnotes":""},"categories":[1],"tags":[],"class_list":["post-165116","post","type-post","status-publish","format-standard","has-post-thumbnail","hentry","category-startseite"],"_links":{"self":[{"href":"https:\/\/www.fuldaernachrichten.de\/index.php?rest_route=\/wp\/v2\/posts\/165116","targetHints":{"allow":["GET"]}}],"collection":[{"href":"https:\/\/www.fuldaernachrichten.de\/index.php?rest_route=\/wp\/v2\/posts"}],"about":[{"href":"https:\/\/www.fuldaernachrichten.de\/index.php?rest_route=\/wp\/v2\/types\/post"}],"author":[{"embeddable":true,"href":"https:\/\/www.fuldaernachrichten.de\/index.php?rest_route=\/wp\/v2\/users\/1"}],"replies":[{"embeddable":true,"href":"https:\/\/www.fuldaernachrichten.de\/index.php?rest_route=%2Fwp%2Fv2%2Fcomments&post=165116"}],"version-history":[{"count":1,"href":"https:\/\/www.fuldaernachrichten.de\/index.php?rest_route=\/wp\/v2\/posts\/165116\/revisions"}],"predecessor-version":[{"id":165122,"href":"https:\/\/www.fuldaernachrichten.de\/index.php?rest_route=\/wp\/v2\/posts\/165116\/revisions\/165122"}],"wp:featuredmedia":[{"embeddable":true,"href":"https:\/\/www.fuldaernachrichten.de\/index.php?rest_route=\/wp\/v2\/media\/165121"}],"wp:attachment":[{"href":"https:\/\/www.fuldaernachrichten.de\/index.php?rest_route=%2Fwp%2Fv2%2Fmedia&parent=165116"}],"wp:term":[{"taxonomy":"category","embeddable":true,"href":"https:\/\/www.fuldaernachrichten.de\/index.php?rest_route=%2Fwp%2Fv2%2Fcategories&post=165116"},{"taxonomy":"post_tag","embeddable":true,"href":"https:\/\/www.fuldaernachrichten.de\/index.php?rest_route=%2Fwp%2Fv2%2Ftags&post=165116"}],"curies":[{"name":"wp","href":"https:\/\/api.w.org\/{rel}","templated":true}]}}