{"id":165105,"date":"2017-06-29T21:07:58","date_gmt":"2017-06-29T19:07:58","guid":{"rendered":"http:\/\/www.fuldaer-nachrichten.de\/?p=165105"},"modified":"2017-06-29T21:07:58","modified_gmt":"2017-06-29T19:07:58","slug":"umfangreiche-sanierungs-und-umbaumassnahmen-am-stadion","status":"publish","type":"post","link":"https:\/\/www.fuldaernachrichten.de\/?p=165105","title":{"rendered":"Umfangreiche Sanierungs- und Umbauma\u00dfnahmen am Stadion"},"content":{"rendered":"<p>Fast genau 60 Jahre ist es her, dass das Stadion der Stadt Fulda in der Johannisau offiziell seiner Bestimmung \u00fcbergeben wurde. Sp\u00e4ter sind Trib\u00fcnen, Stehr\u00e4nge und Geb\u00e4ude dazugekommen. Jetzt wird die zentrale Sportanlage der Stadt Fulda von Grund auf saniert. Fast eine Million Euro ist daf\u00fcr im ersten Schritt veranschlagt. Seit einigen Wochen rollen dort, wo sonst dem runden Leder nachgejagt wird, die Bagger. Bei einem Pressetermin heute Nachmittag gaben Fuldas Oberb\u00fcrgermeister Dr. Heiko Wingenfeld und der Sportdezernent der Stadt, B\u00fcrgermeister Dag Wehner, sowie Stadtbaurat Daniel Schreiner einen \u00dcberblick \u00fcber die Bauma\u00dfnahme.<br \/>\n\u00c2\u00a0<br \/>\nOB Wingenfeld sprach mit Blick auf das Stadion vom &#8220;Herzen der Sportstadt Fulda&#8221;, das f\u00fcr den Breitensport und Bundesjugendspiele ebenso stehe wie f\u00fcr Spitzensport.\u00c2\u00a0 Im Laufe der Jahre und Jahrzehnte sei jedoch ein Sanierungsstau entstanden, den man aufzul\u00f6sen beginne. Das Land Hessen habe dabei eine finanzielle Unterst\u00fctzung in Aussicht gestellt. Wingenfelds Dank galt auch den anwesenden Vertretern der Vereine SC Borussia Fulda (Sportmanager Sebastian M\u00f6ller), SG Johannesberg (Vorsitzender Lothar Plappert) und LG Fulda (Vorsitzender Matthias Schulte und Stellvertreter Frank Jahn), die w\u00e4hrend der Bauzeit auch einige Unannehmlichkeiten in Kauf nehmen m\u00fcssten.\u00c2\u00a0<br \/>\n\u00c2\u00a0<br \/>\nB\u00fcrgermeister Wehner und Stadtbaurat Schreiner erl\u00e4uterten Einzelheiten der Bauma\u00dfnahme, die die Sanierung sozusagen &#8220;von innen nach au\u00dfen&#8221; in Angriff nimmt. Das Spielfeld ist derzeit auf der gesamten Fl\u00e4che um rund 50 Zentimeter abgetragen worden, der komplette Oberboden, die Wasserleitschicht sowie die Rasentragschicht werden dann komplett neu aufgebaut, zum Schluss erh\u00e4lt der Platz noch einen professionellen Rollrasen. Im Zuge der Erdarbeiten werden jetzt auch gro\u00dfe Teil der Drainage und des \u00fcbrigen Entw\u00e4sserungssystems erneuert, gleichzeitig bekommt das Stadion eine echte Neuheit: eine automatische Beregnungsanlage. Die Leitungen daf\u00fcr werden im Moment im Boden verlegt. Die versenkbaren Spr\u00fchd\u00fcsen werden k\u00fcnftig die manuell gesteuerte Bew\u00e4sserung ersetzen &#8211; ein erheblicher Vorteil in Sachen Effektivit\u00e4t und Umweltfreundlichkeit. Denn die Beregnung muss sich dann nicht mehr an den Dienstzeiten der Mitarbeiter orientieren, sondern kann automatisch gesteuert zu jenen Uhrzeiten erfolgen, zu denen es mit Blick auf den Wasserverbrauch und den Nutzen f\u00fcr die Pflanzen am besten ist: also vor allem in den Abendstunden beziehungsweise nachts und nicht etwa in der prallen Mittagssonne.\u00c2\u00a0<br \/>\n\u00c2\u00a0<br \/>\nAber nicht nur f\u00fcr die Fu\u00dfballer und anderen Rasensportler soll es Verbesserungen geben. So erh\u00e4lt die Kunststofflaufbahn eine neue Spritzbeschichtung aus EPDM-Granulat, einem synthetischen Kautschuk. Die beiden Sektoren (die Bereiche hinter den Toren, die f\u00fcr viele Leichtathletik-Sportarten wie Kugelsto\u00dfen oder Hochsprung genutzt werden) bekommen eine komplett neue Kunststoffauflage. Mit den Investitionen will sich Fulda nicht zuletzt auch hessen- und bundesweit als Austragungsort f\u00fcr Leichtathletik-Wettk\u00e4mpfe profilieren, betonten B\u00fcrgermeister Wehner und Stadtbaurat Schreiner. Denn eine solche wettkampftaugliche 8-Bahn-Anlage wie in der Johannisau hat in Hessen Seltenheitswert.<br \/>\n\u00c2\u00a0<br \/>\nAls letzte Ma\u00dfnahmen im Zuge laufenden Projekts steht im Herbst die Erneuerung des Kunstrasenplatzes neben dem Stadion an. Doch f\u00fcr die kommenden Jahre plant die Stadt auch noch weitere Investitionen und die sportliche Infrastruktur in der Johannisau. Zum Beispiel sind auch die Zuschauerr\u00e4nge in der Nordkurve sanierungsbed\u00fcrftig.<\/p>\n","protected":false},"excerpt":{"rendered":"<div class=\"tmnf_excerpt\"><p>Fast genau 60 Jahre ist es her, dass das Stadion der Stadt Fulda in der Johannisau offiziell seiner Bestimmung \u00fcbergeben wurde. Sp\u00e4ter sind Trib\u00fcnen, Stehr\u00e4nge und Geb\u00e4ude dazugekommen. Jetzt wird die zentrale Sportanlage der Stadt Fulda von Grund auf saniert. Fast eine Million Euro ist daf\u00fcr im ersten Schritt veranschlagt. Seit einigen Wochen rollen dort, &hellip;<\/p>\n<\/div>","protected":false},"author":1,"featured_media":165109,"comment_status":"closed","ping_status":"closed","sticky":false,"template":"","format":"standard","meta":{"footnotes":""},"categories":[1],"tags":[],"class_list":["post-165105","post","type-post","status-publish","format-standard","has-post-thumbnail","hentry","category-startseite"],"_links":{"self":[{"href":"https:\/\/www.fuldaernachrichten.de\/index.php?rest_route=\/wp\/v2\/posts\/165105","targetHints":{"allow":["GET"]}}],"collection":[{"href":"https:\/\/www.fuldaernachrichten.de\/index.php?rest_route=\/wp\/v2\/posts"}],"about":[{"href":"https:\/\/www.fuldaernachrichten.de\/index.php?rest_route=\/wp\/v2\/types\/post"}],"author":[{"embeddable":true,"href":"https:\/\/www.fuldaernachrichten.de\/index.php?rest_route=\/wp\/v2\/users\/1"}],"replies":[{"embeddable":true,"href":"https:\/\/www.fuldaernachrichten.de\/index.php?rest_route=%2Fwp%2Fv2%2Fcomments&post=165105"}],"version-history":[{"count":1,"href":"https:\/\/www.fuldaernachrichten.de\/index.php?rest_route=\/wp\/v2\/posts\/165105\/revisions"}],"predecessor-version":[{"id":165110,"href":"https:\/\/www.fuldaernachrichten.de\/index.php?rest_route=\/wp\/v2\/posts\/165105\/revisions\/165110"}],"wp:featuredmedia":[{"embeddable":true,"href":"https:\/\/www.fuldaernachrichten.de\/index.php?rest_route=\/wp\/v2\/media\/165109"}],"wp:attachment":[{"href":"https:\/\/www.fuldaernachrichten.de\/index.php?rest_route=%2Fwp%2Fv2%2Fmedia&parent=165105"}],"wp:term":[{"taxonomy":"category","embeddable":true,"href":"https:\/\/www.fuldaernachrichten.de\/index.php?rest_route=%2Fwp%2Fv2%2Fcategories&post=165105"},{"taxonomy":"post_tag","embeddable":true,"href":"https:\/\/www.fuldaernachrichten.de\/index.php?rest_route=%2Fwp%2Fv2%2Ftags&post=165105"}],"curies":[{"name":"wp","href":"https:\/\/api.w.org\/{rel}","templated":true}]}}