{"id":165096,"date":"2017-06-29T21:07:15","date_gmt":"2017-06-29T19:07:15","guid":{"rendered":"http:\/\/www.fuldaer-nachrichten.de\/?p=165096"},"modified":"2017-06-29T21:07:15","modified_gmt":"2017-06-29T19:07:15","slug":"peter-wolff-zum-neuen-kneipp-vorsitzenden-in-fulda-gewaehlt","status":"publish","type":"post","link":"https:\/\/www.fuldaernachrichten.de\/?p=165096","title":{"rendered":"Peter Wolff zum neuen Kneipp-Vorsitzenden in Fulda gew\u00e4hlt"},"content":{"rendered":"<p>Eine personelle Weichenstellung traf der Kneipp-Verein Fulda. Auf einer au\u00dferordentlichen Mitgliederversammlung w\u00e4hlten die Kneippianer der Barockstadt Peter Wolff (58) zu ihrem neuen Vorsitzenden. Karin Kraft, die das Amt zuvor aus\u00fcbte, trat nicht erneut zur Wahl an. Auch f\u00fcr Wolff war die Kandidatur nicht leicht, orientiert er sich beruflich au\u00dferhalbs Hessen. Doch mit diesen Widrigkeiten wollen die Fuldaer Kneippianer umgehen. Der Verein soll fit f\u00fcr die Zukunft gemacht werden. Der aus Schl\u00fcchtern stammende Landesvorsitzende des Kneipp-Bundes Hessen, Dr. Georg Roth,  gratulierte Wolff pers\u00f6nlich. Beide kennen sich schon lange. In der kommenden Landesgartenschaustadt Bad Schwalbach (2018) kam Wolff 2001 zur Kneipp-Bewegung. Ihn faszinierte, dass die f\u00fcnf Kneippschen S\u00e4ulen Wasser, Bewegung, Ern\u00e4hrung, Heilkr\u00e4uter und gesunde und ausgeglichene Lebensf\u00fchrung wunderbar in die heutige Zeit passen. Kaum ein Tag ohne Kochshow im Fernsehen, so Wolff, tausende Menschen die sich bewegen \u2013 und auch die Natur bietet mit ihren Wander- und Nordic-Walking-Strecken und den zahlreichen Heilkr\u00e4utern am Wegesrand Gelegenheit und Abwechslung, die sich im Sinne eine modernen Gesundheitspr\u00e4vention nutzen lassen. Auch das \u201eZur Ruhe Kommen\u201c habe in Zeiten von Stress und Burn Out einen neuen Wert erfahren.  \u201eLeider\u201c, so Wolff, \u201eerkennt die Politik zu wenig, dass Gesundheitspr\u00e4vention der Volkswirtschaft besser bekomme, als sp\u00e4tere Heilung von Krankheiten\u201c. Umso mehr war er erfreut, dass die Deutsche Unesco-Kommission 2015 die Kneipp\u00c2\u00b4schen Gesundheitslehren auf die deutsche Liste des immateriellen Kulturgutes aufnahm. <\/p>\n<p>Auch die Fuldaer kannten Wolff nat\u00fcrlich schon. Als \u201ePfarrer Sebastian Kneipp\u201c war er bei der Er\u00f6ffnung des Wassertretbeckens am Umweltzentrum und diversen Kneipp-Festen, auch rund um den dortigen Barfu\u00dfpfad dabei. Nicht zuletzt war er kurz B\u00fcrgermeister eines Kneipp-Heilbades (Gersfeld). Auf Verbandsebene ist Wolff seit letztem Herbst Mitglied des Kneipp-Landesvorstandes. Zuvor vertrat er die Region im Hessischen Heilb\u00e4derverband, dem Verband der Deutschen Kneipp-Heilb\u00e4der und \u2013Kurorte und war Mitglied im Gesundheitsausschuss des Hessischen St\u00e4dtetages.<\/p>\n<p>F\u00fcr den Fuldaer Kneipp-Verein und damit f\u00fcr ihn sei es wichtig, dass sich der Verein verj\u00fcnge und dass ein st\u00e4rkeres Kursangebot angeboten werden k\u00f6nne. W\u00fcnschen w\u00fcrde er sich auch, wenn es gel\u00e4nge, den einen oder anderen Kindergarten, Hotel oder auch Seniorenresidenz nach Kneipp zu zertifizieren. \u201eDenn Kneippen ist gesund, f\u00f6rdert die Geselligkeit und es zeige sich, dass Gesundheitspr\u00e4vention auch Spass machen k\u00f6nne\u201c, sagt Wolff abschlie\u00dfend., \u201einsofern freue er sich auf die Zusammenarbeit mit seinen Vorstandskollegen\u201c.<\/p>\n","protected":false},"excerpt":{"rendered":"<div class=\"tmnf_excerpt\"><p>Eine personelle Weichenstellung traf der Kneipp-Verein Fulda. Auf einer au\u00dferordentlichen Mitgliederversammlung w\u00e4hlten die Kneippianer der Barockstadt Peter Wolff (58) zu ihrem neuen Vorsitzenden. Karin Kraft, die das Amt zuvor aus\u00fcbte, trat nicht erneut zur Wahl an. Auch f\u00fcr Wolff war die Kandidatur nicht leicht, orientiert er sich beruflich au\u00dferhalbs Hessen. Doch mit diesen Widrigkeiten wollen &hellip;<\/p>\n<\/div>","protected":false},"author":1,"featured_media":165103,"comment_status":"closed","ping_status":"closed","sticky":false,"template":"","format":"standard","meta":{"footnotes":""},"categories":[1],"tags":[],"class_list":["post-165096","post","type-post","status-publish","format-standard","has-post-thumbnail","hentry","category-startseite"],"_links":{"self":[{"href":"https:\/\/www.fuldaernachrichten.de\/index.php?rest_route=\/wp\/v2\/posts\/165096","targetHints":{"allow":["GET"]}}],"collection":[{"href":"https:\/\/www.fuldaernachrichten.de\/index.php?rest_route=\/wp\/v2\/posts"}],"about":[{"href":"https:\/\/www.fuldaernachrichten.de\/index.php?rest_route=\/wp\/v2\/types\/post"}],"author":[{"embeddable":true,"href":"https:\/\/www.fuldaernachrichten.de\/index.php?rest_route=\/wp\/v2\/users\/1"}],"replies":[{"embeddable":true,"href":"https:\/\/www.fuldaernachrichten.de\/index.php?rest_route=%2Fwp%2Fv2%2Fcomments&post=165096"}],"version-history":[{"count":1,"href":"https:\/\/www.fuldaernachrichten.de\/index.php?rest_route=\/wp\/v2\/posts\/165096\/revisions"}],"predecessor-version":[{"id":165104,"href":"https:\/\/www.fuldaernachrichten.de\/index.php?rest_route=\/wp\/v2\/posts\/165096\/revisions\/165104"}],"wp:featuredmedia":[{"embeddable":true,"href":"https:\/\/www.fuldaernachrichten.de\/index.php?rest_route=\/wp\/v2\/media\/165103"}],"wp:attachment":[{"href":"https:\/\/www.fuldaernachrichten.de\/index.php?rest_route=%2Fwp%2Fv2%2Fmedia&parent=165096"}],"wp:term":[{"taxonomy":"category","embeddable":true,"href":"https:\/\/www.fuldaernachrichten.de\/index.php?rest_route=%2Fwp%2Fv2%2Fcategories&post=165096"},{"taxonomy":"post_tag","embeddable":true,"href":"https:\/\/www.fuldaernachrichten.de\/index.php?rest_route=%2Fwp%2Fv2%2Ftags&post=165096"}],"curies":[{"name":"wp","href":"https:\/\/api.w.org\/{rel}","templated":true}]}}