{"id":165089,"date":"2017-06-29T21:05:46","date_gmt":"2017-06-29T19:05:46","guid":{"rendered":"http:\/\/www.fuldaer-nachrichten.de\/?p=165089"},"modified":"2017-06-29T21:05:46","modified_gmt":"2017-06-29T19:05:46","slug":"stark-verteidigt","status":"publish","type":"post","link":"https:\/\/www.fuldaernachrichten.de\/?p=165089","title":{"rendered":"Stark verteidigt"},"content":{"rendered":"<p>Den Teilnehmerinnen eines Kurses der Volkshochschule des Landkreises Fulda werden die Grundlagen der Selbstverteidigung vermittelt. Au\u00dferdem wird ein deeskalierendes Verhaltensprofil ge\u00fcbt, das es erm\u00f6glichen soll, Gefahrensituationen zu erkennen, zu vermeiden oder diese unbeschadet zu \u00fcberstehen. Beginn ist am Samstag, 22. Juli, um 9 Uhr im Georg-Stieler-Haus, Gallasiniring 1, in Fulda. Infos und Anmeldung mit Kursnummer VO3020196 unter www.vhs-fulda.de oder telefonisch beim B\u00fcrgerservice (0661)6006-1600.<\/p>\n","protected":false},"excerpt":{"rendered":"<div class=\"tmnf_excerpt\"><p>Den Teilnehmerinnen eines Kurses der Volkshochschule des Landkreises Fulda werden die Grundlagen der Selbstverteidigung vermittelt. Au\u00dferdem wird ein deeskalierendes Verhaltensprofil ge\u00fcbt, das es erm\u00f6glichen soll, Gefahrensituationen zu erkennen, zu vermeiden oder diese unbeschadet zu \u00fcberstehen. Beginn ist am Samstag, 22. Juli, um 9 Uhr im Georg-Stieler-Haus, Gallasiniring 1, in Fulda. Infos und Anmeldung mit Kursnummer &hellip;<\/p>\n<\/div>","protected":false},"author":1,"featured_media":0,"comment_status":"closed","ping_status":"closed","sticky":false,"template":"","format":"standard","meta":{"footnotes":""},"categories":[1],"tags":[],"class_list":["post-165089","post","type-post","status-publish","format-standard","hentry","category-startseite"],"_links":{"self":[{"href":"https:\/\/www.fuldaernachrichten.de\/index.php?rest_route=\/wp\/v2\/posts\/165089","targetHints":{"allow":["GET"]}}],"collection":[{"href":"https:\/\/www.fuldaernachrichten.de\/index.php?rest_route=\/wp\/v2\/posts"}],"about":[{"href":"https:\/\/www.fuldaernachrichten.de\/index.php?rest_route=\/wp\/v2\/types\/post"}],"author":[{"embeddable":true,"href":"https:\/\/www.fuldaernachrichten.de\/index.php?rest_route=\/wp\/v2\/users\/1"}],"replies":[{"embeddable":true,"href":"https:\/\/www.fuldaernachrichten.de\/index.php?rest_route=%2Fwp%2Fv2%2Fcomments&post=165089"}],"version-history":[{"count":1,"href":"https:\/\/www.fuldaernachrichten.de\/index.php?rest_route=\/wp\/v2\/posts\/165089\/revisions"}],"predecessor-version":[{"id":165094,"href":"https:\/\/www.fuldaernachrichten.de\/index.php?rest_route=\/wp\/v2\/posts\/165089\/revisions\/165094"}],"wp:attachment":[{"href":"https:\/\/www.fuldaernachrichten.de\/index.php?rest_route=%2Fwp%2Fv2%2Fmedia&parent=165089"}],"wp:term":[{"taxonomy":"category","embeddable":true,"href":"https:\/\/www.fuldaernachrichten.de\/index.php?rest_route=%2Fwp%2Fv2%2Fcategories&post=165089"},{"taxonomy":"post_tag","embeddable":true,"href":"https:\/\/www.fuldaernachrichten.de\/index.php?rest_route=%2Fwp%2Fv2%2Ftags&post=165089"}],"curies":[{"name":"wp","href":"https:\/\/api.w.org\/{rel}","templated":true}]}}