{"id":165070,"date":"2017-06-29T21:02:57","date_gmt":"2017-06-29T19:02:57","guid":{"rendered":"http:\/\/www.fuldaer-nachrichten.de\/?p=165070"},"modified":"2017-06-29T21:02:57","modified_gmt":"2017-06-29T19:02:57","slug":"vdk-urgestein-rudolf-hilfenhaus-gibt-das-amt-nach-20-jahren-in-juengere-haende","status":"publish","type":"post","link":"https:\/\/www.fuldaernachrichten.de\/?p=165070","title":{"rendered":"VdK-Urgestein Rudolf Hilfenhaus gibt das Amt nach 20 Jahren in j\u00fcngere H\u00e4nde"},"content":{"rendered":"<p>Generationswechsel im Ortsverband Eichenzell beim Sozialverband VdK Hessen-Th\u00fcringen. Bei der diesj\u00e4hrigen Jahreshauptversammlung in der Neuland Stiftung Eichenzell wurde einstimmig Werner Schuster zum neuen 1. Vorsitzenden des aktiven Eichenzeller Ortsverbandes gew\u00e4hlt, der \u00fcber 200 Mitglieder in sozialen Fragen betreut. Damit geht die \u00c4ra des langj\u00e4hrigen ehemaligen Hessischen Landtagsabgeordneten Werner Hilfenhaus   zu Ende, der sich als VdK-Urgestein sehr verdient gemacht hat. Rudolf Hilfenhaus war bisher eine tragende S\u00e4ule des VdK Ortsverbandes Eichenzell, den er seit 1997 mit viel Engagement und Leidenschaft f\u00fchrte. Hilfenhaus konnte nun seinen 80. Geburtstag in geistiger Frische feiern und bekleidet seit \u00fcber 60 Jahren zahlreiche Ehren\u00e4mter. Auf eigenen Wunsch m\u00f6chte er nun mit mehr Freizeit seinen Lebensabend genie\u00dfen und bat daher seine Vorstandskollegen, einen geeigneten Nachfolger zu suchen. In der Versammlung wurde mit dem 67. j\u00e4hrigen Werner Schuster aus L\u00f6schenrod ein geeigneter Nachfolger gefunden, der sich bereits als stellv. Schriftf\u00fchrer f\u00fcr den VdK verdient gemacht hat. <\/p>\n<p>Bei der Jahreshauptversammlung konnte der scheidende Vorsitzende Rudolf Hilfenhaus 17 Mitglieder begr\u00fc\u00dfen und nach der Totenehrung berichtete er in seinem Rechenschaftsbericht von zahlreichen Aktivit\u00e4ten, die der VdK-Ortsverband Eichenzell im abgelaufenen Vereinsjahr durchgef\u00fchrt hat. Kassenf\u00fchrer Leo Erb konnte von einer gesunden Kassenlage berichten. Die Kassenpr\u00fcfer Udo Bauch und Reinhold Maul bescheinigten Leo Erb eine vorbildliche Kassenf\u00fchrung und beantragten die Entlastung des Kassenf\u00fchrers und des gesamten Vorstandes. <\/p>\n<p>Nach den Aussprachen zu den Berichten bedankte sich die 2. Vorsitzende Lieselotte Baderschneider mit einem Blumenstrau\u00df und Geschenk bei Rudolf Hilfenhaus f\u00fcr seine langj\u00e4hrige T\u00e4tigkeit als 1. Vorsitzender. Einen gro\u00dfen Dank wurde auch an seine Frau gerichtet, die ihren Mann in der langen Amtszeit stets mit Rat und Tat unterst\u00fctzte.<br \/>\nDer neugew\u00e4hlte 1. Vorsitzende Werner Schuster stellte sich den Sitzungsteilnehmern vor und berichtete von ersten Aktivit\u00e4ten und Ideen, die er sich f\u00fcr seine kommende Amtszeit \u00fcberlegt hat. Im Anschluss an die Regularien wurden alle Mitglieder zu einem leckeren Essen mit gem\u00fctlichem Beisammensein eingeladen.<\/p>\n<p>Neben dem neugew\u00e4hlten 1. Vorsitzenden Werner Schuster, der 2. Vorsitzenden Lieselotte Baderschneider, dem Kassenf\u00fchrer Leo Erb und der Frauenvertreterin Marita M\u00fcller fungiert Gerda Hilfenhaus als Schriftf\u00fchrerin. <\/p>\n<p>Die amtierende Vorstandsmannschaft betonte noch mal, dass der Sozialverband VdK eine starke Gemeinschaft ist, die Hilfestellungen in allen sozialrechtlichen Angelegenheiten im Rahmen einer Mitgliedschaft anbieten kann. Man wei\u00df nie, was einem noch im Leben passieren kann. Jeder kann schnell selbst in die Situation kommen, dass er Hilfe von anderen ben\u00f6tigt. \u201eSprechen Sie uns an \u2013 wir bem\u00fchen uns zu helfen\u201c getreu unserem Leitbild: Wir lassen keinen allein! F\u00fcr uns ist jeder wichtig!<\/p>\n<p>Vorsitzender Werner Schuster m\u00f6chte an die Erfolge seines Vorg\u00e4ngers ankn\u00fcpfen und einen regen Kontakt mit den Mitgliedern halten. Er steht f\u00fcr Fragen und Anregungen jederzeit zur Verf\u00fcgung. <\/p>\n<p>Kontaktm\u00f6glichkeit: Tel.: 0 66 59 \u2013 16 08 oder w.schuster.loe@web.de<\/p>\n<p>Bild: Obere Reihe: Leo Erb, Werner Schuster und Marita M\u00fcller  \/ Untere Reihe: Gerda Hilfenhaus, Rudolf Hilfenhaus und Lieselotte Baderschneider<\/p>\n","protected":false},"excerpt":{"rendered":"<div class=\"tmnf_excerpt\"><p>Generationswechsel im Ortsverband Eichenzell beim Sozialverband VdK Hessen-Th\u00fcringen. Bei der diesj\u00e4hrigen Jahreshauptversammlung in der Neuland Stiftung Eichenzell wurde einstimmig Werner Schuster zum neuen 1. Vorsitzenden des aktiven Eichenzeller Ortsverbandes gew\u00e4hlt, der \u00fcber 200 Mitglieder in sozialen Fragen betreut. Damit geht die \u00c4ra des langj\u00e4hrigen ehemaligen Hessischen Landtagsabgeordneten Werner Hilfenhaus zu Ende, der sich als VdK-Urgestein &hellip;<\/p>\n<\/div>","protected":false},"author":1,"featured_media":165081,"comment_status":"closed","ping_status":"closed","sticky":false,"template":"","format":"standard","meta":{"footnotes":""},"categories":[1],"tags":[],"class_list":["post-165070","post","type-post","status-publish","format-standard","has-post-thumbnail","hentry","category-startseite"],"_links":{"self":[{"href":"https:\/\/www.fuldaernachrichten.de\/index.php?rest_route=\/wp\/v2\/posts\/165070","targetHints":{"allow":["GET"]}}],"collection":[{"href":"https:\/\/www.fuldaernachrichten.de\/index.php?rest_route=\/wp\/v2\/posts"}],"about":[{"href":"https:\/\/www.fuldaernachrichten.de\/index.php?rest_route=\/wp\/v2\/types\/post"}],"author":[{"embeddable":true,"href":"https:\/\/www.fuldaernachrichten.de\/index.php?rest_route=\/wp\/v2\/users\/1"}],"replies":[{"embeddable":true,"href":"https:\/\/www.fuldaernachrichten.de\/index.php?rest_route=%2Fwp%2Fv2%2Fcomments&post=165070"}],"version-history":[{"count":1,"href":"https:\/\/www.fuldaernachrichten.de\/index.php?rest_route=\/wp\/v2\/posts\/165070\/revisions"}],"predecessor-version":[{"id":165083,"href":"https:\/\/www.fuldaernachrichten.de\/index.php?rest_route=\/wp\/v2\/posts\/165070\/revisions\/165083"}],"wp:featuredmedia":[{"embeddable":true,"href":"https:\/\/www.fuldaernachrichten.de\/index.php?rest_route=\/wp\/v2\/media\/165081"}],"wp:attachment":[{"href":"https:\/\/www.fuldaernachrichten.de\/index.php?rest_route=%2Fwp%2Fv2%2Fmedia&parent=165070"}],"wp:term":[{"taxonomy":"category","embeddable":true,"href":"https:\/\/www.fuldaernachrichten.de\/index.php?rest_route=%2Fwp%2Fv2%2Fcategories&post=165070"},{"taxonomy":"post_tag","embeddable":true,"href":"https:\/\/www.fuldaernachrichten.de\/index.php?rest_route=%2Fwp%2Fv2%2Ftags&post=165070"}],"curies":[{"name":"wp","href":"https:\/\/api.w.org\/{rel}","templated":true}]}}