{"id":165065,"date":"2017-06-29T21:01:29","date_gmt":"2017-06-29T19:01:29","guid":{"rendered":"http:\/\/www.fuldaer-nachrichten.de\/?p=165065"},"modified":"2017-12-17T14:27:09","modified_gmt":"2017-12-17T13:27:09","slug":"was-muss-eine-gute-kamera-heute-koennen","status":"publish","type":"post","link":"https:\/\/www.fuldaernachrichten.de\/?p=165065","title":{"rendered":"Was muss eine gute Kamera heute k\u00f6nnen?"},"content":{"rendered":"<p>Fotografie begeistert Menschen und gerade in Fulda und Umgebung lassen sich so einige klasse Motive entdecken und aufnehmen. Doch welche Ausr\u00fcstung braucht es heute, um wirklich gute Fotos machen zu k\u00f6nnen? Smartphone-Kameras preschen voraus, bringen eine Menge Leistung in die Hosentasche, genauso Digitalkameras. Oder gibt es das perfekte Bild doch nur aus der System- oder Spiegelreflexkamera? Wir er\u00f6rtern.<\/p>\n<p><!--more--><\/p>\n<h2>Gute Fotoqualit\u00e4t nur mit hochwertigen Kameras?<\/h2>\n<p>Es ist grunds\u00e4tzlich einmal die Frage zu kl\u00e4ren, ob professionelle Fotografie-Ausr\u00fcstung \u00fcberhaupt mit Hobbyfotografie-Ausr\u00fcstung vergleichbar ist. Ob es mehr um den kleinen Schnappschuss oder das gro\u00dfe Werk geht. Es geht darum, was man mit dem Fotomaterial vorhat. M\u00f6chte man <a href=\"http:\/\/www.fuldaer-nachrichten.de\/?p=142712\">an einem Fotowettbewerb teilnehmen<\/a>, wenn wieder einer stattfindet, oder lediglich f\u00fcr sich selbst fotografieren? Und sicherlich geht es darum, wie viel Geld man f\u00fcr die Kamera ausgeben m\u00f6chte und wie tief man sich mit der Materie &#8220;Fotografie&#8221; auseinandersetzen will.<\/p>\n<p>Man kann nicht pauschal sagen, dass es immer eine hochwertige Kamera sein muss oder dass eine Smartphone-Kamera reicht, ohne die Anforderungen des Fotografen zu kennen. Fotograf im weitesten Sinne ist schlie\u00dflich jeder, der unterwegs ist, um Fotos zu machen. Einfach der Lust und Laune wegen. Der Unterschied liegt dann zwischen diesen Leuten und den Profis, die sich um weitaus mehr Gedanken machen als nur ums Losgehen.<\/p>\n<h2>Individuelle Einstellm\u00f6glichkeiten machen den Unterschied<\/h2>\n<p>Wer sich mit einer <strong>Smartphone-Kamera<\/strong> \u2013 <a href=\"https:\/\/curved.de\/toplist\/beste-kamera-smartphones\">vor allem solch einer aus neueren Smartphones<\/a> \u2013 auf den Weg macht, macht zun\u00e4chst einmal nicht alles falsch. Diese Kameras k\u00f6nnen eine Menge aus Bildern herausholen, wenn man es richtig macht. So l\u00e4sst sich auch der Dom oder das Kloster wunderbar in Szene setzen. Viele Handykameras bringen sogar individuelle Einstellm\u00f6glichkeiten f\u00fcr Belichtungszeit, Blende und ISO mit. Nur sind die Bilder gr\u00f6\u00dfentechnisch nicht ausreichend, um auch abseits des Smartphone-Screens eine gute Figur zu machen. Au\u00dferdem ist bei extremen Lichtverh\u00e4ltnissen (direkte Sonne oder Dunkelheit) meist kein allzu gutes Ergebnis zu erwarten. Hier muss eine professionellere Kamera her! F\u00fcr die Recherche nach geeigneten Modellen sowie dem passenden Zubeh\u00f6r in der anvisierten Preisklasse bieten sich <a href=\"https:\/\/www.kamera.net\/\">Onlineshops wie kamera.net<\/a> an.<\/p>\n<p><strong>Digitalkameras<\/strong> sind hinsichtlich der Bildgr\u00f6\u00dfe schon besser, liegen aber qualitativ oft sogar hinter Smartphones. Einmal sind die Bilder weniger effektreich und andererseits bieten die Kameras keine Einstellm\u00f6glichkeiten. Sie eignen sich meist also wirklich nur f\u00fcr private Schnappsch\u00fcsse.<\/p>\n<p><strong>Spiegelreflexkameras<\/strong> gl\u00e4nzen in jeder Hinsicht. Mit ihnen kann man flei\u00dfig herumspielen und viele Einstellungen vornehmen; je nach Objektiv l\u00e4sst sich das Maximum aus den Bildern herausholen. <\/p>\n<p><strong>Systemkameras<\/strong> sind etwas kompakter, haben aber die gleichen Qualit\u00e4ten. Wer wirklich auf exzellente Bildqualit\u00e4t wert legt und mehr mit den Bildern vorhat, als sie nur privat auf Facebook zu teilen, sollte \u00fcber eine etwas h\u00f6here Investition nachdenken.<\/p>\n<p>Bild: \u00c2\u00a9 istock.com\/ByczeStudio<\/p>\n","protected":false},"excerpt":{"rendered":"<div class=\"tmnf_excerpt\"><p>Fotografie begeistert Menschen und gerade in Fulda und Umgebung lassen sich so einige klasse Motive entdecken und aufnehmen. Doch welche Ausr\u00fcstung braucht es heute, um wirklich gute Fotos machen zu k\u00f6nnen? Smartphone-Kameras preschen voraus, bringen eine Menge Leistung in die Hosentasche, genauso Digitalkameras. Oder gibt es das perfekte Bild doch nur aus der System- oder &hellip;<\/p>\n<\/div>","protected":false},"author":1,"featured_media":165071,"comment_status":"closed","ping_status":"closed","sticky":false,"template":"","format":"standard","meta":{"footnotes":""},"categories":[1],"tags":[118,95,100],"class_list":["post-165065","post","type-post","status-publish","format-standard","has-post-thumbnail","hentry","category-startseite","tag-artaxo-gmbh","tag-besonders-lesenswert","tag-g"],"_links":{"self":[{"href":"https:\/\/www.fuldaernachrichten.de\/index.php?rest_route=\/wp\/v2\/posts\/165065","targetHints":{"allow":["GET"]}}],"collection":[{"href":"https:\/\/www.fuldaernachrichten.de\/index.php?rest_route=\/wp\/v2\/posts"}],"about":[{"href":"https:\/\/www.fuldaernachrichten.de\/index.php?rest_route=\/wp\/v2\/types\/post"}],"author":[{"embeddable":true,"href":"https:\/\/www.fuldaernachrichten.de\/index.php?rest_route=\/wp\/v2\/users\/1"}],"replies":[{"embeddable":true,"href":"https:\/\/www.fuldaernachrichten.de\/index.php?rest_route=%2Fwp%2Fv2%2Fcomments&post=165065"}],"version-history":[{"count":1,"href":"https:\/\/www.fuldaernachrichten.de\/index.php?rest_route=\/wp\/v2\/posts\/165065\/revisions"}],"predecessor-version":[{"id":165072,"href":"https:\/\/www.fuldaernachrichten.de\/index.php?rest_route=\/wp\/v2\/posts\/165065\/revisions\/165072"}],"wp:featuredmedia":[{"embeddable":true,"href":"https:\/\/www.fuldaernachrichten.de\/index.php?rest_route=\/wp\/v2\/media\/165071"}],"wp:attachment":[{"href":"https:\/\/www.fuldaernachrichten.de\/index.php?rest_route=%2Fwp%2Fv2%2Fmedia&parent=165065"}],"wp:term":[{"taxonomy":"category","embeddable":true,"href":"https:\/\/www.fuldaernachrichten.de\/index.php?rest_route=%2Fwp%2Fv2%2Fcategories&post=165065"},{"taxonomy":"post_tag","embeddable":true,"href":"https:\/\/www.fuldaernachrichten.de\/index.php?rest_route=%2Fwp%2Fv2%2Ftags&post=165065"}],"curies":[{"name":"wp","href":"https:\/\/api.w.org\/{rel}","templated":true}]}}