{"id":165063,"date":"2017-06-29T21:00:47","date_gmt":"2017-06-29T19:00:47","guid":{"rendered":"http:\/\/www.fuldaer-nachrichten.de\/?p=165063"},"modified":"2017-06-29T21:00:47","modified_gmt":"2017-06-29T19:00:47","slug":"dav-sektion-fulda-praesentiert-sich-auf-zwei-wettkaempfen-in-guter-form","status":"publish","type":"post","link":"https:\/\/www.fuldaernachrichten.de\/?p=165063","title":{"rendered":"DAV Sektion Fulda pr\u00e4sentiert sich auf zwei Wettk\u00e4mpfen in guter Form"},"content":{"rendered":"<p><a href=\"http:\/\/www.fuldaer-nachrichten.de\/wp-content\/uploads\/2017\/06\/DAV_KCM_2.jpg\"><img decoding=\"async\" src=\"http:\/\/www.fuldaer-nachrichten.de\/wp-content\/uploads\/2017\/06\/DAV_KCM_2-265x175.jpg\" alt=\"\" width=\"265\" height=\"175\" class=\"alignleft size-thumbnail wp-image-165067\" srcset=\"https:\/\/www.fuldaernachrichten.de\/wp-content\/uploads\/2017\/06\/DAV_KCM_2-265x175.jpg 265w, https:\/\/www.fuldaernachrichten.de\/wp-content\/uploads\/2017\/06\/DAV_KCM_2-768x508.jpg 768w, https:\/\/www.fuldaernachrichten.de\/wp-content\/uploads\/2017\/06\/DAV_KCM_2-600x397.jpg 600w, https:\/\/www.fuldaernachrichten.de\/wp-content\/uploads\/2017\/06\/DAV_KCM_2.jpg 900w\" sizes=\"(max-width: 265px) 100vw, 265px\" \/><\/a>Die DAV Sektion Fulda ist mit ihrer Leistungs- und Jugendgruppe erfolgreich in die Saison im Leadklettern und den KidsCup 2017 gestartet. Eine gute Basis f\u00fcr die Qualifikation f\u00fcr die Westdeutschen Finalveranstaltungen. <\/p>\n<p>Mit der offenen Rheinland-Pfalz Landesmeisterschaft am 10. Juni startete die Leadsaison (= Schwierigkeitsklettern an einer Kletterwand) f\u00fcr die Fuldaer Kletterer im DAV Kletterzentrum Frankenthal. Bei dieser ersten Qualifikationsveranstaltung f\u00fcr die Westdeutschen Meisterschaften (WDM) mussten die Starter der Jugend A die gleichen zwei Routen im offenen Modus klettern wie die Erwachsenen. <\/p>\n<p>Bei den Damen selektierte bereits sehr fr\u00fch die erste Schl\u00fcsselstelle in der ersten Qualifikationsroute. Auch die zweite, stark \u00fcberh\u00e4ngende Qualifikationsroute war sehr anspruchsvoll und wurde von keiner der 35 Damen bis ganz oben geklettert. Vom Fuldaer Team erreichte Madeleine Wiegand nach einer starken Kletterleistung den 18. Rang bei den Damen sowie Rang 9 in der weiblichen Jugend A und konnte sich so wertvolle Punkte f\u00fcr die Qualifikation zur WDM sichern. Sarah G\u00fcnzel konnte den 22. Rang (Damen) f\u00fcr sich verbuchen und Pia Neuburger landete bei ihrem Wettkampfdeb\u00fct auf Platz 20 in der Jugend A. Lilli Brod startete bei der weiblichen Jugend B und erreichte in den schwierigen Routen Platz 16.<\/p>\n<p>Auch Fabian Schlumberger konnte sich mit einem 13. Rang (Herren) hervorragend f\u00fcr die Qualifikation zur WDM positionieren. Matthias K\u00f6rling belegte den 21. Platz (Herren). <\/p>\n<p>Kids starten durch in die neue Saison<\/p>\n<p>Parallel wurde in Marburg der erste KidsCup der diesj\u00e4hrigen Serie ausgetragen \u2013 mit dabei auch die Jugendlichen der DAV Sektion Fulda. Wie \u00fcblich mussten in jeder Altersklasse drei Routen und vier Boulder gel\u00f6st werden, die jedoch so einfach geschraubt waren, dass \u00fcber die Platzierung nur die Rangreihenfolge im Speedklettern entschieden hat.<br \/>\nMit Carla Waider (3. Platz) und Clemens Koch (3. Platz) standen am Ende zwei Fuldaer Kletterer in der hessischen Jugend C-Wertung auf dem Podest und Benjamin Koch (6. Platz) und Hannes Bindernagel (7. Platz) erreichten weitere vordere TopTen-Pl\u00e4tze. Dies gelang auch Leo Bindernagel (5. Platz) und Julie Meyer (10. Platz) in der Jugend D.<br \/>\nDiese guten Startergebnisse lassen wieder auf zahlreiche Fuldaer  Qualifikanten zum Westdeutschen KidsCup Finale im November in Darmstadt hoffen.<\/p>\n<p>Ergebnisse offene Rheinland-Pfalz Landesmeisterschaft:<\/p>\n<p>Lilli Brod (Jugend B w): 16. Platz<\/p>\n<p>Madeleine Wiegand (Jugend A w): 9. Platz<br \/>\nPia Neuburger (Jugend A w): 20. Platz<\/p>\n<p>Madeleine Wiegand (Damen): 18. Platz<br \/>\nSarah G\u00fcnzel (Damen): 22. Platz<br \/>\nPia Neuburger (Damen): 33. Platz<\/p>\n<p>Fabian Schlumberger (Herren): 13. Platz<br \/>\nMatthias K\u00f6rling (Herren): 21. Platz<\/p>\n<p>Ergebnisse Kids Cup in Marburg<br \/>\nJulie Meyer (Jugend D w): 10. Platz<br \/>\nLeo Bindernagel (Jugend D m): 5. Platz <\/p>\n<p>Carla Waider (Jugend C w): 3. Platz<br \/>\nClemens Koch (Jugend C m): 3. Platz<br \/>\nBenjamin Koch (Jugend C m): 6. Platz<br \/>\nHannes Bindernagel (Jugend C m): 7. Platz<\/p>\n","protected":false},"excerpt":{"rendered":"<div class=\"tmnf_excerpt\"><p>Die DAV Sektion Fulda ist mit ihrer Leistungs- und Jugendgruppe erfolgreich in die Saison im Leadklettern und den KidsCup 2017 gestartet. Eine gute Basis f\u00fcr die Qualifikation f\u00fcr die Westdeutschen Finalveranstaltungen. Mit der offenen Rheinland-Pfalz Landesmeisterschaft am 10. Juni startete die Leadsaison (= Schwierigkeitsklettern an einer Kletterwand) f\u00fcr die Fuldaer Kletterer im DAV Kletterzentrum Frankenthal. &hellip;<\/p>\n<\/div>","protected":false},"author":1,"featured_media":165068,"comment_status":"closed","ping_status":"closed","sticky":false,"template":"","format":"standard","meta":{"footnotes":""},"categories":[1],"tags":[],"class_list":["post-165063","post","type-post","status-publish","format-standard","has-post-thumbnail","hentry","category-startseite"],"_links":{"self":[{"href":"https:\/\/www.fuldaernachrichten.de\/index.php?rest_route=\/wp\/v2\/posts\/165063","targetHints":{"allow":["GET"]}}],"collection":[{"href":"https:\/\/www.fuldaernachrichten.de\/index.php?rest_route=\/wp\/v2\/posts"}],"about":[{"href":"https:\/\/www.fuldaernachrichten.de\/index.php?rest_route=\/wp\/v2\/types\/post"}],"author":[{"embeddable":true,"href":"https:\/\/www.fuldaernachrichten.de\/index.php?rest_route=\/wp\/v2\/users\/1"}],"replies":[{"embeddable":true,"href":"https:\/\/www.fuldaernachrichten.de\/index.php?rest_route=%2Fwp%2Fv2%2Fcomments&post=165063"}],"version-history":[{"count":1,"href":"https:\/\/www.fuldaernachrichten.de\/index.php?rest_route=\/wp\/v2\/posts\/165063\/revisions"}],"predecessor-version":[{"id":165069,"href":"https:\/\/www.fuldaernachrichten.de\/index.php?rest_route=\/wp\/v2\/posts\/165063\/revisions\/165069"}],"wp:featuredmedia":[{"embeddable":true,"href":"https:\/\/www.fuldaernachrichten.de\/index.php?rest_route=\/wp\/v2\/media\/165068"}],"wp:attachment":[{"href":"https:\/\/www.fuldaernachrichten.de\/index.php?rest_route=%2Fwp%2Fv2%2Fmedia&parent=165063"}],"wp:term":[{"taxonomy":"category","embeddable":true,"href":"https:\/\/www.fuldaernachrichten.de\/index.php?rest_route=%2Fwp%2Fv2%2Fcategories&post=165063"},{"taxonomy":"post_tag","embeddable":true,"href":"https:\/\/www.fuldaernachrichten.de\/index.php?rest_route=%2Fwp%2Fv2%2Ftags&post=165063"}],"curies":[{"name":"wp","href":"https:\/\/api.w.org\/{rel}","templated":true}]}}