{"id":165049,"date":"2017-06-29T20:58:32","date_gmt":"2017-06-29T18:58:32","guid":{"rendered":"http:\/\/www.fuldaer-nachrichten.de\/?p=165049"},"modified":"2017-06-29T20:58:32","modified_gmt":"2017-06-29T18:58:32","slug":"rege-mitarbeit-beim-ersten-life-workshop","status":"publish","type":"post","link":"https:\/\/www.fuldaernachrichten.de\/?p=165049","title":{"rendered":"Rege Mitarbeit beim ersten LIFE Workshop"},"content":{"rendered":"<p>Am 12. und 13. Juni 2017 fand der erste LIFE Wiesenbr\u00fcter Workshop im Tagungshotel Fohlenweide statt. Landwirte, Beh\u00f6rdenvertreter und Naturschutzorganisationen trafen sich zu einem intensiven Austausch.<\/p>\n<p>Den Auftakt der Veranstaltung bildeten Impulsreferate. Jonas Thielen, Projektleiter LIFE-Projekt: Hessische Rh\u00f6n- Berggr\u00fcnland, Hutungen und ihre V\u00f6gel stellte die aktuelle Situation der Wiesenbr\u00fcter und erste Schutzma\u00dfnahmen vor. Bettina Gr\u00e4f vom abgeschlossenen LIFE Projekt \u201eMedebacher Bucht \u2013 Baustein f\u00fcr Natura 2000\u201c gew\u00e4hrte einen Einblick \u00fcber die Zusammenarbeit mit den Landwirten, die in dem Projekt umgesetzt wurde. Heinrich Belting von der Vogelschutzwarte Niedersachsen, berichtete in seinem Vortrag \u00fcber die Bewirtschaftungsma\u00dfnahmen, die einem erfolgreichen Wiesenbr\u00fcterschutz dienen. Pia Gippert von der Unteren Naturschutzbeh\u00f6rde Landkreis Fulda, zeigte die M\u00f6glichkeiten, die die Agrarumweltma\u00dfnahmen (HALM) f\u00fcr den Wiesenbr\u00fcterschutz bieten, auf. Abgerundet wurde der einleitende Themenblock, durch einen Vortrag von Gerd Bauschmann, t\u00e4tig f\u00fcr die Staatliche Vogelschutzwarte Hessen. Inhaltlich befasste sich der Vortrag, mit der Vereinbarkeit von Weidewirtschaft und Wiesenbr\u00fcterschutz.<\/p>\n<p>Am Nachmittag des ersten Tages ging es um aktive Mitarbeit. An Thementischen zu den Bereichen Wiesenbr\u00fcterschutz, Agrarumweltma\u00dfnahmen, ehrenamtlicher Naturschutz, sowie Vermarktung, konnten die Beteiligten ihre Idee und Vorschl\u00e4ge einbringen.<\/p>\n<p>Der zweite Tag diente der Begutachtung von LIFE- Ma\u00dfnahmenfl\u00e4chen. Neben der Besichtigung des Birkwildprojektes in der Hochrh\u00f6n, wurde auch auf die Bek\u00e4mpfung der Problempflanze Lupine eingegangen. Torsten Kirchner von der Wildlandstiftung schilderte sehr eindrucksvoll die Ma\u00dfnahmen, die in den letzten Jahren umgesetzt wurden. Bei der Rundreise wurden zudem Fl\u00e4chen besichtigt, auf denen erste Ma\u00dfnahmen f\u00fcr den Bodenbr\u00fcterschutz im LIFE-Projekt geplant sind.<\/p>\n","protected":false},"excerpt":{"rendered":"<div class=\"tmnf_excerpt\"><p>Am 12. und 13. Juni 2017 fand der erste LIFE Wiesenbr\u00fcter Workshop im Tagungshotel Fohlenweide statt. Landwirte, Beh\u00f6rdenvertreter und Naturschutzorganisationen trafen sich zu einem intensiven Austausch. Den Auftakt der Veranstaltung bildeten Impulsreferate. Jonas Thielen, Projektleiter LIFE-Projekt: Hessische Rh\u00f6n- Berggr\u00fcnland, Hutungen und ihre V\u00f6gel stellte die aktuelle Situation der Wiesenbr\u00fcter und erste Schutzma\u00dfnahmen vor. Bettina Gr\u00e4f &hellip;<\/p>\n<\/div>","protected":false},"author":1,"featured_media":0,"comment_status":"closed","ping_status":"closed","sticky":false,"template":"","format":"standard","meta":{"footnotes":""},"categories":[1],"tags":[],"class_list":["post-165049","post","type-post","status-publish","format-standard","hentry","category-startseite"],"_links":{"self":[{"href":"https:\/\/www.fuldaernachrichten.de\/index.php?rest_route=\/wp\/v2\/posts\/165049","targetHints":{"allow":["GET"]}}],"collection":[{"href":"https:\/\/www.fuldaernachrichten.de\/index.php?rest_route=\/wp\/v2\/posts"}],"about":[{"href":"https:\/\/www.fuldaernachrichten.de\/index.php?rest_route=\/wp\/v2\/types\/post"}],"author":[{"embeddable":true,"href":"https:\/\/www.fuldaernachrichten.de\/index.php?rest_route=\/wp\/v2\/users\/1"}],"replies":[{"embeddable":true,"href":"https:\/\/www.fuldaernachrichten.de\/index.php?rest_route=%2Fwp%2Fv2%2Fcomments&post=165049"}],"version-history":[{"count":1,"href":"https:\/\/www.fuldaernachrichten.de\/index.php?rest_route=\/wp\/v2\/posts\/165049\/revisions"}],"predecessor-version":[{"id":165057,"href":"https:\/\/www.fuldaernachrichten.de\/index.php?rest_route=\/wp\/v2\/posts\/165049\/revisions\/165057"}],"wp:attachment":[{"href":"https:\/\/www.fuldaernachrichten.de\/index.php?rest_route=%2Fwp%2Fv2%2Fmedia&parent=165049"}],"wp:term":[{"taxonomy":"category","embeddable":true,"href":"https:\/\/www.fuldaernachrichten.de\/index.php?rest_route=%2Fwp%2Fv2%2Fcategories&post=165049"},{"taxonomy":"post_tag","embeddable":true,"href":"https:\/\/www.fuldaernachrichten.de\/index.php?rest_route=%2Fwp%2Fv2%2Ftags&post=165049"}],"curies":[{"name":"wp","href":"https:\/\/api.w.org\/{rel}","templated":true}]}}