{"id":165048,"date":"2017-06-29T20:58:19","date_gmt":"2017-06-29T18:58:19","guid":{"rendered":"http:\/\/www.fuldaer-nachrichten.de\/?p=165048"},"modified":"2017-06-29T20:58:19","modified_gmt":"2017-06-29T18:58:19","slug":"ag-78-alter-vorstand-gleich-neuer-vorstand","status":"publish","type":"post","link":"https:\/\/www.fuldaernachrichten.de\/?p=165048","title":{"rendered":"AG 78: Alter Vorstand gleich neuer Vorstand"},"content":{"rendered":"<p>Schon seit 2000 gibt es die \u201eAG 78\u201c, eine Arbeitsgemeinschaft nach \u00c2\u00a7 78 SGB VIII, die sich zusammensetzt aus Vertretern des Jugendamtes und allen in der Region t\u00e4tigen freien Tr\u00e4ger der Jugendhilfe. Dieses Gremium hat die Aufgabe, die Jugendhilfe im Vogelsbergkreis weiter zu entwickeln und zukunftssicher zu machen. Die AG 78 arbeitet den politischen Gremien zu, die dann auf Grundlage von erarbeiteten Konzepten notwendige Entscheidungen treffen k\u00f6nnen.<\/p>\n<p>Zu ihrer Fr\u00fchjahrssitzung hat sich die AG 78 in den R\u00e4umen des Vogelpark der Schottener Sozialen Dienste zusammengefunden. Aktuell zeichnet die Arbeitsgemeinschaft mitverantwortlich f\u00fcr den sozialr\u00e4umlichen Umbau der Jugendhilfe im Vogelsbergkreis, \u00fcber den schon mehrfach berichtet wurde. Auch auf dieser Sitzung war die weitere Entwicklung der Jugendhilfe im Vogelsbergkreis ein Schwerpunktthema. Neben den fachlichen Themen standen die Wahl des Vorstandes und die Verabschiedung einer \u00fcberarbeiteten Satzung auf der Tagesordnung. Die \u00fcberarbeitete Satzung wurde einstimmig angenommen.<\/p>\n<p>Der amtierende Vorstand, bestehend aus erstem Vorsitzenden Harry Bernardis (Leiter der Vogelsberger Lebensr\u00e4ume), stellvertretendem Vorsitzenden Helmut Benner (stellvertretender Jugendamtsleiter) und dem Gesch\u00e4ftsf\u00fchrer Tobias Hoffmann (Gesch\u00e4ftsf\u00fchrer Haus am Kirschberg), wurde mit gro\u00dfer Mehrheit im Amt best\u00e4tigt.<\/p>\n","protected":false},"excerpt":{"rendered":"<div class=\"tmnf_excerpt\"><p>Schon seit 2000 gibt es die \u201eAG 78\u201c, eine Arbeitsgemeinschaft nach \u00c2\u00a7 78 SGB VIII, die sich zusammensetzt aus Vertretern des Jugendamtes und allen in der Region t\u00e4tigen freien Tr\u00e4ger der Jugendhilfe. Dieses Gremium hat die Aufgabe, die Jugendhilfe im Vogelsbergkreis weiter zu entwickeln und zukunftssicher zu machen. Die AG 78 arbeitet den politischen Gremien &hellip;<\/p>\n<\/div>","protected":false},"author":1,"featured_media":165054,"comment_status":"closed","ping_status":"closed","sticky":false,"template":"","format":"standard","meta":{"footnotes":""},"categories":[1],"tags":[],"class_list":["post-165048","post","type-post","status-publish","format-standard","has-post-thumbnail","hentry","category-startseite"],"_links":{"self":[{"href":"https:\/\/www.fuldaernachrichten.de\/index.php?rest_route=\/wp\/v2\/posts\/165048","targetHints":{"allow":["GET"]}}],"collection":[{"href":"https:\/\/www.fuldaernachrichten.de\/index.php?rest_route=\/wp\/v2\/posts"}],"about":[{"href":"https:\/\/www.fuldaernachrichten.de\/index.php?rest_route=\/wp\/v2\/types\/post"}],"author":[{"embeddable":true,"href":"https:\/\/www.fuldaernachrichten.de\/index.php?rest_route=\/wp\/v2\/users\/1"}],"replies":[{"embeddable":true,"href":"https:\/\/www.fuldaernachrichten.de\/index.php?rest_route=%2Fwp%2Fv2%2Fcomments&post=165048"}],"version-history":[{"count":1,"href":"https:\/\/www.fuldaernachrichten.de\/index.php?rest_route=\/wp\/v2\/posts\/165048\/revisions"}],"predecessor-version":[{"id":165056,"href":"https:\/\/www.fuldaernachrichten.de\/index.php?rest_route=\/wp\/v2\/posts\/165048\/revisions\/165056"}],"wp:featuredmedia":[{"embeddable":true,"href":"https:\/\/www.fuldaernachrichten.de\/index.php?rest_route=\/wp\/v2\/media\/165054"}],"wp:attachment":[{"href":"https:\/\/www.fuldaernachrichten.de\/index.php?rest_route=%2Fwp%2Fv2%2Fmedia&parent=165048"}],"wp:term":[{"taxonomy":"category","embeddable":true,"href":"https:\/\/www.fuldaernachrichten.de\/index.php?rest_route=%2Fwp%2Fv2%2Fcategories&post=165048"},{"taxonomy":"post_tag","embeddable":true,"href":"https:\/\/www.fuldaernachrichten.de\/index.php?rest_route=%2Fwp%2Fv2%2Ftags&post=165048"}],"curies":[{"name":"wp","href":"https:\/\/api.w.org\/{rel}","templated":true}]}}