{"id":165047,"date":"2017-06-29T21:09:29","date_gmt":"2017-06-29T19:09:29","guid":{"rendered":"http:\/\/www.fuldaer-nachrichten.de\/?p=165047"},"modified":"2017-06-29T21:09:54","modified_gmt":"2017-06-29T19:09:54","slug":"4-forum-dual-studieren-in-osthessen-marktplatz-fachvortraege-und-austausch-auf-augenhoehe-im-domgymnasium","status":"publish","type":"post","link":"https:\/\/www.fuldaernachrichten.de\/?p=165047","title":{"rendered":"4. Forum \u201eDual studieren in Osthessen\u201c &#8211; Marktplatz, Fachvortr\u00e4ge und Austausch auf Augenh\u00f6he im Domgymnasium"},"content":{"rendered":"<p>Duale Studieng\u00e4nge verkn\u00fcpfen einen hohen Praxisbezug mit wissenschaftlichem Anspruch. Das Interesse an solchen Studieng\u00e4ngen ist gro\u00df und das Angebot wird immer vielf\u00e4ltiger &#8211; auch in unserer Region.<\/p>\n<p>Beim 4. Forum \u201eDual studieren in Osthessen\u201c, das von der Industrie- und Handelskammer (IHK) organisiert worden war und k\u00fcrzlich im Fuldaer Domgymnasium stattfand, konnten sich die Absolventinnen und Absolventen der allgemein bildenden und beruflichen Gymnasien sowie der heimischen Fachoberschulen ein Bild von der Vielfalt der dualen Studieng\u00e4nge sowie beruflicher Perspektiven machen.<\/p>\n<p>Nach einer kurzen Er\u00f6ffnung des Forums durch Schulleiter Matthias H\u00f6hl und Armin Gerbeth, der den Bereich Aus- und Weiterbildung bei der IHK leitet und das Forum federf\u00fchrend organisiert hatte, pr\u00e4sentierten rund 20 regionale Aussteller aus Wirtschaft, Verwaltung und Sozialwesen sowie die Hochschule Fulda und das Bildungsunternehmen Dr. Jordan als Bildungstr\u00e4ger ihre dualen Studienangebote auf dem \u201eMarktplatz\u201c in der Aula der Rabanus-Maurus-Schule. Die Agentur f\u00fcr Arbeit informierte zudem \u00fcber duale Studieng\u00e4nge jenseits der Region Osthessen.<\/p>\n<p>Ausbildungs- und Studienverantwortliche sowie dual Studierende aus den Unternehmen und Institutionen standen den Interessierten Rede und Antwort. Zahlreiche Sch\u00fclerinnen und Sch\u00fcler sowie deren Eltern nutzten die Gelegenheit, im pers\u00f6nlichen Gespr\u00e4ch Informationen aus erster Hand zu bekommen.<\/p>\n<p>So erfuhren die Jugendlichen beispielsweise, dass es verschiedene Formen des dualen Studiums gibt. Zum einen gibt es das Studium an einer Berufsakademie oder Hochschule, das mit einer beruflichen Ausbildung in einem anerkannten Ausbildungsberuf verkn\u00fcpft ist. Zum anderen gibt es das Studium, das l\u00e4ngere Praxisphasen im Betrieb vorsieht. In diesem Fall erwerben die Studierenden einen ersten berufsqualifizierenden Hochschulabschluss, aber keinen Abschluss in einem anerkannten Ausbildungsberuf, wie es beim zuvor genannten Modell der Fall ist.<\/p>\n<p>\u201eDie starke Praxisorientierung bietet die M\u00f6glichkeit, die Theorie schnell im Berufsalltag anzuwenden. Au\u00dferdem k\u00f6nnen die Studierenden bereits w\u00e4hrend der Ausbildung Geld verdienen und unmittelbar nach ihrem Abschluss in dem Unternehmen, das sie bereits kennen und mit dem sie sich identifizieren, ohne Einarbeitungszeit eingesetzt werden, verdeutlichte Armin Gerbeth die Vorteile dualer Studieng\u00e4nge.<\/p>\n<p>Detailinformationen \u00fcber die Studieng\u00e4nge, Zugangsvoraussetzungen oder Auswahlverfahren erhielten die Sch\u00fclerinnen und Sch\u00fcler bei Fachvortr\u00e4gen der Privaten Berufsakademie Fulda, des Caritasverbands der Di\u00f6zese Fulda e.V., der Hochschule Fulda, der Hessischen Finanzverwaltung, des Polizeipr\u00e4sidiums Osthessen, der Bundeswehr sowie der Unternehmensgruppe ALDI S\u00dcD.<\/p>\n<p>\u201eMit dem Verlauf und der Resonanz auf das Forum sind wir sehr zufrieden\u201c, so Gerbeth. Nach drei Foren, die in der Vergangenheit im ITZ stattfanden, sei die Entscheidung getroffen worden, \u201edorthin zu gehen, wo sich die Sch\u00fcler ohnehin aufhalten.\u201c Im n\u00e4chsten Jahr soll laut Gerbeth im Rahmen der Bildungsmesse im Kongresszentrum Esperanto \u00fcber die dualen Studieng\u00e4nge informiert werden. In 2019 d\u00fcrfte dann wieder eine Schule Veranstaltungsort f\u00fcr das Forum sein, das Bestandteil der hessenweiten OloV-Strategie (Optimierung lokaler Vermittlungsarbeit im \u00dcbergang Schule &#8211; Beruf) ist.<\/p>\n<p>Weiterf\u00fchrende Informationen zum dualen Studium in Osthessen gibt es im Internet unter www.dualesstudium-osthessen.de<\/p>\n","protected":false},"excerpt":{"rendered":"<div class=\"tmnf_excerpt\"><p>Duale Studieng\u00e4nge verkn\u00fcpfen einen hohen Praxisbezug mit wissenschaftlichem Anspruch. Das Interesse an solchen Studieng\u00e4ngen ist gro\u00df und das Angebot wird immer vielf\u00e4ltiger &#8211; auch in unserer Region. Beim 4. Forum \u201eDual studieren in Osthessen\u201c, das von der Industrie- und Handelskammer (IHK) organisiert worden war und k\u00fcrzlich im Fuldaer Domgymnasium stattfand, konnten sich die Absolventinnen und &hellip;<\/p>\n<\/div>","protected":false},"author":1,"featured_media":165051,"comment_status":"closed","ping_status":"closed","sticky":false,"template":"","format":"gallery","meta":{"footnotes":""},"categories":[1],"tags":[],"class_list":["post-165047","post","type-post","status-publish","format-gallery","has-post-thumbnail","hentry","category-startseite","post_format-post-format-gallery"],"_links":{"self":[{"href":"https:\/\/www.fuldaernachrichten.de\/index.php?rest_route=\/wp\/v2\/posts\/165047","targetHints":{"allow":["GET"]}}],"collection":[{"href":"https:\/\/www.fuldaernachrichten.de\/index.php?rest_route=\/wp\/v2\/posts"}],"about":[{"href":"https:\/\/www.fuldaernachrichten.de\/index.php?rest_route=\/wp\/v2\/types\/post"}],"author":[{"embeddable":true,"href":"https:\/\/www.fuldaernachrichten.de\/index.php?rest_route=\/wp\/v2\/users\/1"}],"replies":[{"embeddable":true,"href":"https:\/\/www.fuldaernachrichten.de\/index.php?rest_route=%2Fwp%2Fv2%2Fcomments&post=165047"}],"version-history":[{"count":1,"href":"https:\/\/www.fuldaernachrichten.de\/index.php?rest_route=\/wp\/v2\/posts\/165047\/revisions"}],"predecessor-version":[{"id":165062,"href":"https:\/\/www.fuldaernachrichten.de\/index.php?rest_route=\/wp\/v2\/posts\/165047\/revisions\/165062"}],"wp:featuredmedia":[{"embeddable":true,"href":"https:\/\/www.fuldaernachrichten.de\/index.php?rest_route=\/wp\/v2\/media\/165051"}],"wp:attachment":[{"href":"https:\/\/www.fuldaernachrichten.de\/index.php?rest_route=%2Fwp%2Fv2%2Fmedia&parent=165047"}],"wp:term":[{"taxonomy":"category","embeddable":true,"href":"https:\/\/www.fuldaernachrichten.de\/index.php?rest_route=%2Fwp%2Fv2%2Fcategories&post=165047"},{"taxonomy":"post_tag","embeddable":true,"href":"https:\/\/www.fuldaernachrichten.de\/index.php?rest_route=%2Fwp%2Fv2%2Ftags&post=165047"}],"curies":[{"name":"wp","href":"https:\/\/api.w.org\/{rel}","templated":true}]}}