{"id":165034,"date":"2017-06-29T20:56:16","date_gmt":"2017-06-29T18:56:16","guid":{"rendered":"http:\/\/www.fuldaer-nachrichten.de\/?p=165034"},"modified":"2017-06-29T20:56:16","modified_gmt":"2017-06-29T18:56:16","slug":"in-der-kanalstrasse-in-fuldas-altstadt-eroeffnete-heute-offiziell-der-caritas-laden-am-dom-verkauf-ausschliesslich-von-caritas-produkten-zumeist-aus-eigenen-werkstaetten","status":"publish","type":"post","link":"https:\/\/www.fuldaernachrichten.de\/?p=165034","title":{"rendered":"In der Kanalstra\u00dfe in Fuldas Altstadt er\u00f6ffnete heute offiziell \u201eDer Caritas Laden am Dom\u201c \u2013 Verkauf ausschlie\u00dflich von Caritas-Produkten zumeist aus eigenen Werkst\u00e4tten"},"content":{"rendered":"<p>Eine Woche \u201eProbelauf\u201c gab es schon, nun hat der \u201eCaritas Laden am Dom\u201c offiziell aufgemacht. Im Kreise des Verk\u00e4ufer-Teams, Vertretern der Caritas und der Medien bedankte sich Di\u00f6zesan-Caritasdirektor Dr. Markus Juch bei der Behindertenhilfe f\u00fcr die Umsetzung der langgehegten Idee eines eigenen Caritas-Ladens an einem gut frequentierten Platz in der Innenstadt, um die vielseitigen und originellen Produkte der Caritas und ihrer Werkst\u00e4tten zu pr\u00e4sentieren. \u201eJetzt haben wir dieses sch\u00f6ne Schaufenster, das wir uns w\u00fcnschten\u201c, res\u00fcmierte Caritasdirektor Juch, der den Verk\u00e4uferinnen und Verk\u00e4ufern von der Carisma-Werkstatt f\u00fcr psychisch kranke Menschen zu ihrem neuen, interessanten Arbeitsplatz gratulierte und ihnen viel Erfolg w\u00fcnschte.<\/p>\n<p>Nach einem Segensspruch f\u00fcr die neuen Gesch\u00e4ftsr\u00e4ume durch den Caritas-Aufsichtsratsvorsitzenden Msgr. Elmar Gurk, der von einem neuen Ort der Begegnung sprach, erl\u00e4uterte Bernd Wystrach, Gesamtleiter Berufswege und Werkst\u00e4tten, wie der Laden konzipiert ist, und welche Produkte er anbietet: Neben den bekannten und beliebten Produkten des Rh\u00f6ner Fruchtgenusses aus der Werkstatt Haselstein kommen Accessoires und Schmuck-Specksteine \u2013 alles Unikate \u2013 von der Carisma-Werkstatt. Carisma liefert auch andere Produkte wie \u201eCari-Kekse\u201c, Gru\u00dfkarten und Holzartikel. Andere Waren kommen von Caritas-Werkst\u00e4tten aus anderen St\u00e4dten und Regionen. \u201eEiniges davon bekommt man ausschlie\u00dflich hier im Caritas Laden, insofern lohnt sich der Besuch\u201c, betonte Bernd Wystrach.<\/p>\n<p>Der Caritas Laden am Dom ist dienstags bis freitags von zehn bis 17 Uhr ge\u00f6ffnet, samstags von zehn bis 14 Uhr. Die Adresse: Kanalstra\u00dfe 7, 36037 Fulda.<\/p>\n","protected":false},"excerpt":{"rendered":"<div class=\"tmnf_excerpt\"><p>Eine Woche \u201eProbelauf\u201c gab es schon, nun hat der \u201eCaritas Laden am Dom\u201c offiziell aufgemacht. Im Kreise des Verk\u00e4ufer-Teams, Vertretern der Caritas und der Medien bedankte sich Di\u00f6zesan-Caritasdirektor Dr. Markus Juch bei der Behindertenhilfe f\u00fcr die Umsetzung der langgehegten Idee eines eigenen Caritas-Ladens an einem gut frequentierten Platz in der Innenstadt, um die vielseitigen und &hellip;<\/p>\n<\/div>","protected":false},"author":1,"featured_media":165037,"comment_status":"closed","ping_status":"closed","sticky":false,"template":"","format":"standard","meta":{"footnotes":""},"categories":[1],"tags":[],"class_list":["post-165034","post","type-post","status-publish","format-standard","has-post-thumbnail","hentry","category-startseite"],"_links":{"self":[{"href":"https:\/\/www.fuldaernachrichten.de\/index.php?rest_route=\/wp\/v2\/posts\/165034","targetHints":{"allow":["GET"]}}],"collection":[{"href":"https:\/\/www.fuldaernachrichten.de\/index.php?rest_route=\/wp\/v2\/posts"}],"about":[{"href":"https:\/\/www.fuldaernachrichten.de\/index.php?rest_route=\/wp\/v2\/types\/post"}],"author":[{"embeddable":true,"href":"https:\/\/www.fuldaernachrichten.de\/index.php?rest_route=\/wp\/v2\/users\/1"}],"replies":[{"embeddable":true,"href":"https:\/\/www.fuldaernachrichten.de\/index.php?rest_route=%2Fwp%2Fv2%2Fcomments&post=165034"}],"version-history":[{"count":1,"href":"https:\/\/www.fuldaernachrichten.de\/index.php?rest_route=\/wp\/v2\/posts\/165034\/revisions"}],"predecessor-version":[{"id":165038,"href":"https:\/\/www.fuldaernachrichten.de\/index.php?rest_route=\/wp\/v2\/posts\/165034\/revisions\/165038"}],"wp:featuredmedia":[{"embeddable":true,"href":"https:\/\/www.fuldaernachrichten.de\/index.php?rest_route=\/wp\/v2\/media\/165037"}],"wp:attachment":[{"href":"https:\/\/www.fuldaernachrichten.de\/index.php?rest_route=%2Fwp%2Fv2%2Fmedia&parent=165034"}],"wp:term":[{"taxonomy":"category","embeddable":true,"href":"https:\/\/www.fuldaernachrichten.de\/index.php?rest_route=%2Fwp%2Fv2%2Fcategories&post=165034"},{"taxonomy":"post_tag","embeddable":true,"href":"https:\/\/www.fuldaernachrichten.de\/index.php?rest_route=%2Fwp%2Fv2%2Ftags&post=165034"}],"curies":[{"name":"wp","href":"https:\/\/api.w.org\/{rel}","templated":true}]}}