{"id":165029,"date":"2017-06-29T20:55:04","date_gmt":"2017-06-29T18:55:04","guid":{"rendered":"http:\/\/www.fuldaer-nachrichten.de\/?p=165029"},"modified":"2017-06-29T20:55:56","modified_gmt":"2017-06-29T18:55:56","slug":"sonntagsmatinee-im-klinikum-fulda-yerlos-vej-rasante-rhythmen-zum-leckeren-fruehstueck","status":"publish","type":"post","link":"https:\/\/www.fuldaernachrichten.de\/?p=165029","title":{"rendered":"Sonntagsmatinee im Klinikum Fulda Yerlos Vej: Rasante Rhythmen zum leckeren Fr\u00fchst\u00fcck"},"content":{"rendered":"<p>Fetzige Balkanmusik, lyrische Klezmermelodien und dazu das leckere Angebot der B\u00e4ckerei Happ: Im Rahmen der Reihe \u201eSonntagsmatinee\u201c spielt am Sonntag, den 02.07.2017 von 10.00 bis 12.00 Uhr \u201eYerlos Vej\u201c in der Eingangshalle des Klinikums Fulda f\u00fcr Patienten, Angeh\u00f6rige und Besucher.<\/p>\n<p>Eine abwechslungsreiche Instrumentierung macht die Musik des Ensembles \u201eYerlos Vej\u201c zum besonderen Klangerlebnis. Die vier Musiker verzaubern ihr Publikum auf ihren Instrumenten Klarinette, Violine, Saxofon, Blockfl\u00f6te, Akkordeon, Schlagzeug und Kontrabass\/E-Bass. Die einzigartige Musik des Ensembles steht f\u00fcr mitrei\u00dfende Balkanrhythmen, lyrische Klezmermelodien und ist wehm\u00fctig und euphorisch zugleich. Freuen Sie sich auf einen entspannten Vormittag im Klinikum Fulda, an dem Sie ganz neue Kl\u00e4nge erleben und ein leckeres Fr\u00fchst\u00fcck genie\u00dfen k\u00f6nnen.<\/p>\n","protected":false},"excerpt":{"rendered":"<div class=\"tmnf_excerpt\"><p>Fetzige Balkanmusik, lyrische Klezmermelodien und dazu das leckere Angebot der B\u00e4ckerei Happ: Im Rahmen der Reihe \u201eSonntagsmatinee\u201c spielt am Sonntag, den 02.07.2017 von 10.00 bis 12.00 Uhr \u201eYerlos Vej\u201c in der Eingangshalle des Klinikums Fulda f\u00fcr Patienten, Angeh\u00f6rige und Besucher. Eine abwechslungsreiche Instrumentierung macht die Musik des Ensembles \u201eYerlos Vej\u201c zum besonderen Klangerlebnis. Die vier &hellip;<\/p>\n<\/div>","protected":false},"author":1,"featured_media":165036,"comment_status":"closed","ping_status":"closed","sticky":false,"template":"","format":"standard","meta":{"footnotes":""},"categories":[1],"tags":[],"class_list":["post-165029","post","type-post","status-publish","format-standard","has-post-thumbnail","hentry","category-startseite"],"_links":{"self":[{"href":"https:\/\/www.fuldaernachrichten.de\/index.php?rest_route=\/wp\/v2\/posts\/165029","targetHints":{"allow":["GET"]}}],"collection":[{"href":"https:\/\/www.fuldaernachrichten.de\/index.php?rest_route=\/wp\/v2\/posts"}],"about":[{"href":"https:\/\/www.fuldaernachrichten.de\/index.php?rest_route=\/wp\/v2\/types\/post"}],"author":[{"embeddable":true,"href":"https:\/\/www.fuldaernachrichten.de\/index.php?rest_route=\/wp\/v2\/users\/1"}],"replies":[{"embeddable":true,"href":"https:\/\/www.fuldaernachrichten.de\/index.php?rest_route=%2Fwp%2Fv2%2Fcomments&post=165029"}],"version-history":[{"count":1,"href":"https:\/\/www.fuldaernachrichten.de\/index.php?rest_route=\/wp\/v2\/posts\/165029\/revisions"}],"predecessor-version":[{"id":165035,"href":"https:\/\/www.fuldaernachrichten.de\/index.php?rest_route=\/wp\/v2\/posts\/165029\/revisions\/165035"}],"wp:featuredmedia":[{"embeddable":true,"href":"https:\/\/www.fuldaernachrichten.de\/index.php?rest_route=\/wp\/v2\/media\/165036"}],"wp:attachment":[{"href":"https:\/\/www.fuldaernachrichten.de\/index.php?rest_route=%2Fwp%2Fv2%2Fmedia&parent=165029"}],"wp:term":[{"taxonomy":"category","embeddable":true,"href":"https:\/\/www.fuldaernachrichten.de\/index.php?rest_route=%2Fwp%2Fv2%2Fcategories&post=165029"},{"taxonomy":"post_tag","embeddable":true,"href":"https:\/\/www.fuldaernachrichten.de\/index.php?rest_route=%2Fwp%2Fv2%2Ftags&post=165029"}],"curies":[{"name":"wp","href":"https:\/\/api.w.org\/{rel}","templated":true}]}}