{"id":165027,"date":"2017-06-29T20:57:19","date_gmt":"2017-06-29T18:57:19","guid":{"rendered":"http:\/\/www.fuldaer-nachrichten.de\/?p=165027"},"modified":"2017-06-29T20:57:19","modified_gmt":"2017-06-29T18:57:19","slug":"bewegter-vormittag-in-der-grundschule","status":"publish","type":"post","link":"https:\/\/www.fuldaernachrichten.de\/?p=165027","title":{"rendered":"Bewegter Vormittag in der Grundschule"},"content":{"rendered":"<p>Am Freitag, den 2. Juni 2017 richtete die Klasse 11 BG G A der Eduard-Stieler-Schule mit dem Schwerpunkt Gesundheit einen bewegten Vormittag f\u00fcr Sch\u00fclerinnen und Sch\u00fcler der Johannes-Hack-Grundschule in Petersberg aus.<\/p>\n<p>Da viele Kinder in der heutigen Zeit nur noch vor den Computern oder vor ihren Smartphones sitzen, wissen sie oft gar nicht mehr, wie \u201erichtiges Bewegen\u201c eigentlich geht. Mit dem Ziel den Kindern zu zeigen, wie man etwas Gutes f\u00fcr seinen K\u00f6rper tut, bereitete die 11a ein Zirkeltraining unter dem Motto \u201eSafari\u201c vor. Insgesamt wurden den Grundsch\u00fclern sieben unterschiedliche Stationen angeboten: Balance, Muskelaufbau, Koordination, Beweglichkeit, Kondition, Phantasiereise und Entspannung.<\/p>\n<p>Um 8:00 Uhr wurden Stationen in Turnhalle und Schulgeb\u00e4ude aufgebaut und schon bald ging es dann f\u00fcr die Grundsch\u00fcler der Klasse 3a los. Begonnen wurde mit einem gemeinsamen Warming-Up. Danach begann die Safari unter dem Vorwand eine Notlandung mit dem Flugzeug in der Savanne Afrikas machen zu m\u00fcssen.<\/p>\n<p>Auf der Safari-Tour stand besonders die Bewegung, aber auch der Spa\u00df f\u00fcr die Kinder im Vordergrund, dies wurde mit ein paar Turn- und Sportger\u00e4ten, einer entspannenden Fantasiereise und einem Barfu\u00dfpfad umgesetzt.<\/p>\n<p>Nach einem anstrengenden, aber spa\u00dfigen Vormittag, den Dr. Monika reus geleitet hatte, endete das Projekt der Eduard-Stieler-Schule mit einem gemeinsamen Spiel der beiden Klassen.<\/p>\n","protected":false},"excerpt":{"rendered":"<div class=\"tmnf_excerpt\"><p>Am Freitag, den 2. Juni 2017 richtete die Klasse 11 BG G A der Eduard-Stieler-Schule mit dem Schwerpunkt Gesundheit einen bewegten Vormittag f\u00fcr Sch\u00fclerinnen und Sch\u00fcler der Johannes-Hack-Grundschule in Petersberg aus. Da viele Kinder in der heutigen Zeit nur noch vor den Computern oder vor ihren Smartphones sitzen, wissen sie oft gar nicht mehr, wie &hellip;<\/p>\n<\/div>","protected":false},"author":1,"featured_media":165045,"comment_status":"closed","ping_status":"closed","sticky":false,"template":"","format":"gallery","meta":{"footnotes":""},"categories":[1],"tags":[],"class_list":["post-165027","post","type-post","status-publish","format-gallery","has-post-thumbnail","hentry","category-startseite","post_format-post-format-gallery"],"_links":{"self":[{"href":"https:\/\/www.fuldaernachrichten.de\/index.php?rest_route=\/wp\/v2\/posts\/165027","targetHints":{"allow":["GET"]}}],"collection":[{"href":"https:\/\/www.fuldaernachrichten.de\/index.php?rest_route=\/wp\/v2\/posts"}],"about":[{"href":"https:\/\/www.fuldaernachrichten.de\/index.php?rest_route=\/wp\/v2\/types\/post"}],"author":[{"embeddable":true,"href":"https:\/\/www.fuldaernachrichten.de\/index.php?rest_route=\/wp\/v2\/users\/1"}],"replies":[{"embeddable":true,"href":"https:\/\/www.fuldaernachrichten.de\/index.php?rest_route=%2Fwp%2Fv2%2Fcomments&post=165027"}],"version-history":[{"count":1,"href":"https:\/\/www.fuldaernachrichten.de\/index.php?rest_route=\/wp\/v2\/posts\/165027\/revisions"}],"predecessor-version":[{"id":165046,"href":"https:\/\/www.fuldaernachrichten.de\/index.php?rest_route=\/wp\/v2\/posts\/165027\/revisions\/165046"}],"wp:featuredmedia":[{"embeddable":true,"href":"https:\/\/www.fuldaernachrichten.de\/index.php?rest_route=\/wp\/v2\/media\/165045"}],"wp:attachment":[{"href":"https:\/\/www.fuldaernachrichten.de\/index.php?rest_route=%2Fwp%2Fv2%2Fmedia&parent=165027"}],"wp:term":[{"taxonomy":"category","embeddable":true,"href":"https:\/\/www.fuldaernachrichten.de\/index.php?rest_route=%2Fwp%2Fv2%2Fcategories&post=165027"},{"taxonomy":"post_tag","embeddable":true,"href":"https:\/\/www.fuldaernachrichten.de\/index.php?rest_route=%2Fwp%2Fv2%2Ftags&post=165027"}],"curies":[{"name":"wp","href":"https:\/\/api.w.org\/{rel}","templated":true}]}}