{"id":165021,"date":"2017-06-29T20:54:33","date_gmt":"2017-06-29T18:54:33","guid":{"rendered":"http:\/\/www.fuldaer-nachrichten.de\/?p=165021"},"modified":"2017-06-29T20:54:33","modified_gmt":"2017-06-29T18:54:33","slug":"guenther-von-keitz-leiter-der-betreuungsstelle-des-landkreises-fulda-ist-begeisterter-hobbysegler","status":"publish","type":"post","link":"https:\/\/www.fuldaernachrichten.de\/?p=165021","title":{"rendered":"G\u00fcnther von Keitz, Leiter der Betreuungsstelle des Landkreises Fulda, ist begeisterter Hobbysegler"},"content":{"rendered":"<p>Auf die Frage nach seiner Beziehung zum Wasser antwortet G\u00fcnther von Keitz, der bei der Kreisverwaltung die Betreuungsstelle des Landkreises Fulda leitet, dass er eigentlich kein guter Schwimmer sei, und erg\u00e4nzt augenzwinkernd: \u201eDie beste Voraussetzung, um lange an Bord zu bleiben!\u201c In der Freizeit ist der 60j\u00e4hrige Kleinl\u00fcderer, der heute in Kassel wohnt, begeisterter Segler und auf dem Edersee in Kreis Waldeck-Frankenberg unterwegs.<\/p>\n<p>Sein Hobby entdeckte G\u00fcnther von Keitz, als ihn vor sechs Jahren zwei Bekannte nach einigen Probefahrten fragten, ob er Miteigent\u00fcmer eines Boots werden wollte. Er stimmte zu und erwarb schon bald darauf den Sportboot-F\u00fchrerschein Binnen, der zum F\u00fchren von Motor- und Segelbooten auf allen deutschen Binnengew\u00e4ssern berechtigt. Inzwischen ist auch der Sportboot-F\u00fchrerschein See hinzugekommen. Mittlerweile kann sich der Kreismitarbeiter gemeinsam mit seiner Frau Susanne, die er kurz vor der Pr\u00fcfung f\u00fcr den ersten Sportboot-F\u00fchrerschein kennengelernt hat, Eigent\u00fcmer eines eigenen Boots nennen. <\/p>\n<p>Die \u201eInspiration\u201c ist ein 26er Kleinkreuzer mit glasfaserverst\u00e4rktem Rumpf und Holzaufbau, der 1986 in Schlei an der Ostsee erstmals zu Wasser gelassen wurde. Auf der Yacht finden mindestens vier Personen Platz, was wichtig ist, weil auch Stieftochter Milena segelt und Sohn Alexander Interesse zeigt. G\u00fcnther von Keitz hat das Boot im vergangenen Herbst gekauft, den Winter \u00fcber in einer Halle untergestellt und in den letzten Wochen general\u00fcberholt. Jetzt liegt es in Rehbach am Edersee vor Anker. Durch die Renovierungsarbeiten verz\u00f6gerte sich der Start in die Saison, die von Ende M\u00e4rz bis Anfang November geht.<\/p>\n<p>Grundvoraussetzung f\u00fcr das Segeln ist laut G\u00fcnther von Keitz, dass man keine Angst vor Wasser und insbesondere vor der Schr\u00e4glage des Boots bei Wind haben d\u00fcrfe. Seekrank k\u00f6nnten hingegen bei widrigen Bedingungen selbst erfahrene Bootsf\u00fchrer werden. Auch m\u00fcsse man die Unt\u00e4tigkeit bei Flauten aushalten, k\u00f6rperlich und geistig fit sein sowie stets hochkonzentriert bleiben, \u201eum Wind und Wasser zu lesen\u201c. Durch den regelm\u00e4\u00dfigen Wechsel zwischen Aktivit\u00e4t und Entspannung sei Segeln ein sehr guter Ausgleich zum Alltag. Ferner w\u00fcrden das Naturerlebnis und die \u201eseem\u00e4nnische Gemeinschaft\u201c gef\u00f6rdert.<\/p>\n<p>Fast k\u00f6nnte man Segeln als \u201eeine Art von Lebensschule\u201c bezeichnen, mutma\u00dft G\u00fcnther von Keitz. Im \u00fcbertragenen Sinne lerne man, sich den Wind nutzbar zu machen und mit der Str\u00f6mung zu gleiten, auch mal gegen den Wind zu steuern und Untiefen zu vermeiden, dabei Umwege in Kauf zu nehmen und dennoch das Ziel nie aus den Augen zu verlieren. Bei so viel Begeisterung verwundert es nicht, dass die Kolleginnen der Betreuungsstelle neugierig geworden sind. Allerdings m\u00fcssten sie in zwei Gruppen an Bord gehen. W\u00e4hrend die eine H\u00e4lfte einen Segelt\u00f6rn unternimmt, k\u00f6nnte die andere die Freizeitangebote an Land nutzen.<\/p>\n<p>Vornehmlich an den Wochenenden sind G\u00fcnther von Keitz und seine Frau am Edersee. Unter der Woche ist dies wegen der vierzigmin\u00fctigen Anfahrt von Kassel kaum m\u00f6glich. Zudem fehlt in den Abendstunden die Thermik. Um ihre F\u00e4higkeiten weiter zu trainieren und zus\u00e4tzliche Erfahrungen sammeln, wollen die beiden in den n\u00e4chsten Jahr auf der Ostsee und an d\u00e4nischen S\u00fcdk\u00fcste segeln. Als Fernziel haben sie sich gesteckt, mit einem gr\u00f6\u00dferen Boot \u00fcber Rhein, Main und die Donau ins Schwarze Meer zu fahren. Von dort soll es durch den Bosporus und das Mittelmeer zur\u00fcck in heimische Gefilde gehen. <\/p>\n","protected":false},"excerpt":{"rendered":"<div class=\"tmnf_excerpt\"><p>Auf die Frage nach seiner Beziehung zum Wasser antwortet G\u00fcnther von Keitz, der bei der Kreisverwaltung die Betreuungsstelle des Landkreises Fulda leitet, dass er eigentlich kein guter Schwimmer sei, und erg\u00e4nzt augenzwinkernd: \u201eDie beste Voraussetzung, um lange an Bord zu bleiben!\u201c In der Freizeit ist der 60j\u00e4hrige Kleinl\u00fcderer, der heute in Kassel wohnt, begeisterter Segler &hellip;<\/p>\n<\/div>","protected":false},"author":1,"featured_media":165030,"comment_status":"closed","ping_status":"closed","sticky":false,"template":"","format":"standard","meta":{"footnotes":""},"categories":[1],"tags":[],"class_list":["post-165021","post","type-post","status-publish","format-standard","has-post-thumbnail","hentry","category-startseite"],"_links":{"self":[{"href":"https:\/\/www.fuldaernachrichten.de\/index.php?rest_route=\/wp\/v2\/posts\/165021","targetHints":{"allow":["GET"]}}],"collection":[{"href":"https:\/\/www.fuldaernachrichten.de\/index.php?rest_route=\/wp\/v2\/posts"}],"about":[{"href":"https:\/\/www.fuldaernachrichten.de\/index.php?rest_route=\/wp\/v2\/types\/post"}],"author":[{"embeddable":true,"href":"https:\/\/www.fuldaernachrichten.de\/index.php?rest_route=\/wp\/v2\/users\/1"}],"replies":[{"embeddable":true,"href":"https:\/\/www.fuldaernachrichten.de\/index.php?rest_route=%2Fwp%2Fv2%2Fcomments&post=165021"}],"version-history":[{"count":1,"href":"https:\/\/www.fuldaernachrichten.de\/index.php?rest_route=\/wp\/v2\/posts\/165021\/revisions"}],"predecessor-version":[{"id":165031,"href":"https:\/\/www.fuldaernachrichten.de\/index.php?rest_route=\/wp\/v2\/posts\/165021\/revisions\/165031"}],"wp:featuredmedia":[{"embeddable":true,"href":"https:\/\/www.fuldaernachrichten.de\/index.php?rest_route=\/wp\/v2\/media\/165030"}],"wp:attachment":[{"href":"https:\/\/www.fuldaernachrichten.de\/index.php?rest_route=%2Fwp%2Fv2%2Fmedia&parent=165021"}],"wp:term":[{"taxonomy":"category","embeddable":true,"href":"https:\/\/www.fuldaernachrichten.de\/index.php?rest_route=%2Fwp%2Fv2%2Fcategories&post=165021"},{"taxonomy":"post_tag","embeddable":true,"href":"https:\/\/www.fuldaernachrichten.de\/index.php?rest_route=%2Fwp%2Fv2%2Ftags&post=165021"}],"curies":[{"name":"wp","href":"https:\/\/api.w.org\/{rel}","templated":true}]}}