{"id":165019,"date":"2017-06-29T20:53:50","date_gmt":"2017-06-29T18:53:50","guid":{"rendered":"http:\/\/www.fuldaer-nachrichten.de\/?p=165019"},"modified":"2017-06-29T20:53:50","modified_gmt":"2017-06-29T18:53:50","slug":"kuchen-backen-fuer-einen-guten-zweck","status":"publish","type":"post","link":"https:\/\/www.fuldaernachrichten.de\/?p=165019","title":{"rendered":"Kuchen backen f\u00fcr einen guten Zweck"},"content":{"rendered":"<p>Einen Spendenscheck in H\u00f6he von 530 Euro konnte Anni Sch\u00f6n (Mitte) in Vertretung der \u201eMackenzeller Kuchenfrauen\u201c an Vorsitzenden Josef Herbst (links) und Koordinator Hermann Held (rechts) vom \u00d6kumenischen Hospizverein in  H\u00fcnfeld \u00fcbergeben. Seit mehr als 20 Jahren backen die Frauen aus Mackenzell und H\u00fcnfeld Kuchen und verk\u00f6stigen gegen Spende im Marienwallfahrtsort Maria im Gr\u00fcnen Tal bei Retzbach die Walld\u00fcrnwallfahrer. Diese machen am dritten Tag ihrer viereinhalbt\u00e4gigen Fu\u00dfwallfahrt von Fulda nach Walld\u00fcrn im Odenwald dort eine Pause. In diesem Jahr hatten die acht Frauen 18 Kuchen und 27 Liter Kaffee ausgegeben. Dazu kamen noch belegte Brote und Salzgeb\u00e4ck. Jedes Jahr unterst\u00fctzen die Kuchenfrauen mit der Spendeneinnahme ein anderes soziales Projekt. Der Vorsitzende als auch der Koordinator betonten gleicherma\u00dfen, dass mit dem Geld die Arbeit der Ehrenamtlichen, von denen zurzeit 12 aktiv 20 Personen begleiten, finanziert w\u00fcrde. Hospizarbeit verhindere Suizidalit\u00e4t und den Wunsch nach aktiver Sterbehilfe.<\/p>\n","protected":false},"excerpt":{"rendered":"<div class=\"tmnf_excerpt\"><p>Einen Spendenscheck in H\u00f6he von 530 Euro konnte Anni Sch\u00f6n (Mitte) in Vertretung der \u201eMackenzeller Kuchenfrauen\u201c an Vorsitzenden Josef Herbst (links) und Koordinator Hermann Held (rechts) vom \u00d6kumenischen Hospizverein in H\u00fcnfeld \u00fcbergeben. Seit mehr als 20 Jahren backen die Frauen aus Mackenzell und H\u00fcnfeld Kuchen und verk\u00f6stigen gegen Spende im Marienwallfahrtsort Maria im Gr\u00fcnen Tal &hellip;<\/p>\n<\/div>","protected":false},"author":1,"featured_media":165025,"comment_status":"closed","ping_status":"closed","sticky":false,"template":"","format":"standard","meta":{"footnotes":""},"categories":[1],"tags":[],"class_list":["post-165019","post","type-post","status-publish","format-standard","has-post-thumbnail","hentry","category-startseite"],"_links":{"self":[{"href":"https:\/\/www.fuldaernachrichten.de\/index.php?rest_route=\/wp\/v2\/posts\/165019","targetHints":{"allow":["GET"]}}],"collection":[{"href":"https:\/\/www.fuldaernachrichten.de\/index.php?rest_route=\/wp\/v2\/posts"}],"about":[{"href":"https:\/\/www.fuldaernachrichten.de\/index.php?rest_route=\/wp\/v2\/types\/post"}],"author":[{"embeddable":true,"href":"https:\/\/www.fuldaernachrichten.de\/index.php?rest_route=\/wp\/v2\/users\/1"}],"replies":[{"embeddable":true,"href":"https:\/\/www.fuldaernachrichten.de\/index.php?rest_route=%2Fwp%2Fv2%2Fcomments&post=165019"}],"version-history":[{"count":1,"href":"https:\/\/www.fuldaernachrichten.de\/index.php?rest_route=\/wp\/v2\/posts\/165019\/revisions"}],"predecessor-version":[{"id":165026,"href":"https:\/\/www.fuldaernachrichten.de\/index.php?rest_route=\/wp\/v2\/posts\/165019\/revisions\/165026"}],"wp:featuredmedia":[{"embeddable":true,"href":"https:\/\/www.fuldaernachrichten.de\/index.php?rest_route=\/wp\/v2\/media\/165025"}],"wp:attachment":[{"href":"https:\/\/www.fuldaernachrichten.de\/index.php?rest_route=%2Fwp%2Fv2%2Fmedia&parent=165019"}],"wp:term":[{"taxonomy":"category","embeddable":true,"href":"https:\/\/www.fuldaernachrichten.de\/index.php?rest_route=%2Fwp%2Fv2%2Fcategories&post=165019"},{"taxonomy":"post_tag","embeddable":true,"href":"https:\/\/www.fuldaernachrichten.de\/index.php?rest_route=%2Fwp%2Fv2%2Ftags&post=165019"}],"curies":[{"name":"wp","href":"https:\/\/api.w.org\/{rel}","templated":true}]}}