{"id":165013,"date":"2017-06-27T22:39:48","date_gmt":"2017-06-27T20:39:48","guid":{"rendered":"http:\/\/www.fuldaer-nachrichten.de\/?p=165013"},"modified":"2017-06-27T22:39:48","modified_gmt":"2017-06-27T20:39:48","slug":"europaabgeordneter-mann-besucht-bildungsunternehmen-dr-jordan","status":"publish","type":"post","link":"https:\/\/www.fuldaernachrichten.de\/?p=165013","title":{"rendered":"Europaabgeordneter Mann besucht Bildungsunternehmen Dr. Jordan"},"content":{"rendered":"<p>\u201eEuropa, ganz nah\u201c, das ist eine der Kernaussagen des CDU-Europaabgeordneten Thomas Mann. Und der 70-j\u00e4hrige Politiker bringt dies immer wieder zum Ausdruck, beispielsweise durch seine vielf\u00e4ltigen Schulbesuche, bei denen er den Jugendlichen den europ\u00e4ischen Gedanken n\u00e4herbringt. K\u00fcrzlich hatte er vor rund 100 Sch\u00fclern des Bildungsunternehmens Dr. Jordan \u00fcber Europa und sein Engagement  berichtet. Thomas Mann arbeitet\u00c2\u00a0in Br\u00fcssel und Stra\u00dfburg, legt auch immer wieder Stippvisiten in Hessen ein und besucht regelm\u00e4\u00dfig Schulen und Betriebe. Jugend und Mittelstand sind zwei seiner Themenschwerpunkte, dar\u00fcber hinaus die Bedingungen f\u00fcr Arbeitnehmer und Generationengerechtigkeit.<\/p>\n<p>Begr\u00fc\u00dft wurde der Europa-Politiker vom Stellvertretenden Direktor des Bildungsunternehmens, Peter Vater, der diesen Besuch als Chance beschrieb, Unterricht authentisch zu gestalten und den Sch\u00fclern Gelegenheit zu geben, Fragen zu stellen. &#8220;Politik geh\u00f6rt zum verbindlichen Unterricht und dabei ist Europa ein Standardthema, sozusagen ein Muss f\u00fcr junge Menschen.&#8221; Es gelte, die Sch\u00fcler mit europ\u00e4ischen Themen wie gerade aktuell Brexit, Integration, Fl\u00fcchtlingsfragen oder Terrorismus vertraut zu machen.<\/p>\n<p>Thomas Mann geh\u00f6rt\u00c2\u00a0dem Europ\u00e4ischen Parlament seit 1994 an. \u201e20 Jahre im Parlament sind eine lange Zeit\u201c, betont er. \u201eAber ich will aktiv mitverfolgen, was aus unseren Projekten geworden ist.&#8221; Mit den Menschen vor Ort in Kontakt treten und erfahren, was ihnen Europa gebracht hat, ist sein Anliegen. Im Europ\u00e4ischen Parlament ist Mann stellvertretender Vorsitzender des Ausschusses f\u00fcr Besch\u00e4ftigung und Soziales. Er geh\u00f6rt ebenfalls dem Ausschuss Wirtschaft und W\u00e4hrung an. Bei der Europawahl kandidiert er auf Platz 1 der Liste der Hessen-CDU. Wie der Referent w\u00e4hrend der beiden Schulstunden erl\u00e4uterte, setze er sich f\u00fcr den Erhalt des Meisterbriefs und der dualen Ausbildung in Deutschland ein, \u201e\u00e2\u20ac\u00a6 gerade diese Inhalte werden immer wieder von der EU-Kommission in Frage gestellt.\u201c Aber es k\u00f6nnen auch Erfolge verzeichnet werden: \u201eDie Spanier wollen das duale Ausbildungssystem an Betrieben und in der Schule haben \u2013 hier hilft die Handwerkskammer Frankfurt-Rhein-Main.\u201c Und weiter betont er: \u201eWir haben in Deutschland sehr gute Modelle und k\u00f6nnen helfen.\u201c <\/p>\n<p>Zahlreiche Fragen konnten die Sch\u00fcler in der anschlie\u00dfenden Gespr\u00e4chsrunde stellen, wobei insbesondere den Realsch\u00fclern der Abschlu\u00dfklassen eine Frage geradezu \u201eunter den Fingern\u00e4geln brannte\u201c: \u201eWir unternehmen unsere Abschlu\u00dffahrt nach England \u2013 wie ist es aktuell um die Sicherheit bestellt, m\u00fcssen wir uns Sorgen machen?\u201c Und besonders freuten sich die Sch\u00fcler, dass der Politiker am Ende seines Besuches eine pers\u00f6nliche Einladung nach Stra\u00dfburg aussprach. <\/p>\n<p>BU: Den europ\u00e4ischen Gedanken n\u00e4hergebracht: Europaabgeordneter Thomas Mann (lks.) zu Besuch im Bildungsunternehmen Dr. Jordan, hier mit dem Stellvertretenden Direktor, Peter Vater. <\/p>\n","protected":false},"excerpt":{"rendered":"<div class=\"tmnf_excerpt\"><p>\u201eEuropa, ganz nah\u201c, das ist eine der Kernaussagen des CDU-Europaabgeordneten Thomas Mann. Und der 70-j\u00e4hrige Politiker bringt dies immer wieder zum Ausdruck, beispielsweise durch seine vielf\u00e4ltigen Schulbesuche, bei denen er den Jugendlichen den europ\u00e4ischen Gedanken n\u00e4herbringt. K\u00fcrzlich hatte er vor rund 100 Sch\u00fclern des Bildungsunternehmens Dr. Jordan \u00fcber Europa und sein Engagement berichtet. Thomas Mann &hellip;<\/p>\n<\/div>","protected":false},"author":1,"featured_media":165017,"comment_status":"closed","ping_status":"closed","sticky":false,"template":"","format":"standard","meta":{"footnotes":""},"categories":[1],"tags":[],"class_list":["post-165013","post","type-post","status-publish","format-standard","has-post-thumbnail","hentry","category-startseite"],"_links":{"self":[{"href":"https:\/\/www.fuldaernachrichten.de\/index.php?rest_route=\/wp\/v2\/posts\/165013","targetHints":{"allow":["GET"]}}],"collection":[{"href":"https:\/\/www.fuldaernachrichten.de\/index.php?rest_route=\/wp\/v2\/posts"}],"about":[{"href":"https:\/\/www.fuldaernachrichten.de\/index.php?rest_route=\/wp\/v2\/types\/post"}],"author":[{"embeddable":true,"href":"https:\/\/www.fuldaernachrichten.de\/index.php?rest_route=\/wp\/v2\/users\/1"}],"replies":[{"embeddable":true,"href":"https:\/\/www.fuldaernachrichten.de\/index.php?rest_route=%2Fwp%2Fv2%2Fcomments&post=165013"}],"version-history":[{"count":1,"href":"https:\/\/www.fuldaernachrichten.de\/index.php?rest_route=\/wp\/v2\/posts\/165013\/revisions"}],"predecessor-version":[{"id":165018,"href":"https:\/\/www.fuldaernachrichten.de\/index.php?rest_route=\/wp\/v2\/posts\/165013\/revisions\/165018"}],"wp:featuredmedia":[{"embeddable":true,"href":"https:\/\/www.fuldaernachrichten.de\/index.php?rest_route=\/wp\/v2\/media\/165017"}],"wp:attachment":[{"href":"https:\/\/www.fuldaernachrichten.de\/index.php?rest_route=%2Fwp%2Fv2%2Fmedia&parent=165013"}],"wp:term":[{"taxonomy":"category","embeddable":true,"href":"https:\/\/www.fuldaernachrichten.de\/index.php?rest_route=%2Fwp%2Fv2%2Fcategories&post=165013"},{"taxonomy":"post_tag","embeddable":true,"href":"https:\/\/www.fuldaernachrichten.de\/index.php?rest_route=%2Fwp%2Fv2%2Ftags&post=165013"}],"curies":[{"name":"wp","href":"https:\/\/api.w.org\/{rel}","templated":true}]}}