{"id":165006,"date":"2017-06-27T22:24:29","date_gmt":"2017-06-27T20:24:29","guid":{"rendered":"http:\/\/www.fuldaer-nachrichten.de\/?p=165006"},"modified":"2017-06-27T22:24:29","modified_gmt":"2017-06-27T20:24:29","slug":"kunstprojekt-fuer-frauen-die-als-fluechtlinge-nach-deutschland-kamen","status":"publish","type":"post","link":"https:\/\/www.fuldaernachrichten.de\/?p=165006","title":{"rendered":"Kunstprojekt f\u00fcr Frauen, die als Fl\u00fcchtlinge nach Deutschland kamen"},"content":{"rendered":"<p>Am Donnerstag, 29. Juni beginnt ein viermonatiges \u201eFrauen ID Kunstprojekt\u201c, bei dem noch Pl\u00e4tze frei sind: Teilnehmen k\u00f6nnen Frauen von 18 bis 26 Jahren mit so genanntem Fluchthintergrund, die im Landkreis Fulda ihren Wohnsitz haben. Durchf\u00fchrende ist die K\u00fcnstlerin Christine Hartmann, die Veranstaltung findet im Atelier 14 in Fulda Hamerz, Hamerzer Stra\u00dfe 14 statt. <\/p>\n<p>Das Kunstprojekt soll den jungen Frauen erm\u00f6glichen, sich mit der eigenen Geschichte und Situation auseinanderzusetzen und \u00fcber die Kunst einen Weg zu finden, Fluchterfahrungen sowie das Ankommen und das Aufeinandertreffen mit der anderen Kultur im neuen Heimatland Deutschland zu verarbeiten. F\u00fcr die Frauen ist die Teilnahme kostenlos, da das Projekt vom Bundesministerium f\u00fcr Bildung und Forschung  sowie von \u201eKultur macht stark \u2013 B\u00fcndnisse f\u00fcr Bildung\u201c gef\u00f6rdert wird. Auch Fahrkosten zur Teilnahme an den Projekttreffen bekommen die Teilnehmerinnen erstattet. Weitere Tr\u00e4ger der Veranstaltung sind neben dem Caritasverband f\u00fcr die Di\u00f6zese Fulda das Parit\u00e4tische Bildungswerk, die Diakonie im Kirchenkreis Fulda und die Evangelische Kreuzkirche Fulda.    <\/p>\n<p>Interessierte wenden sich zur weiteren Information \u00fcber die Veranstaltung und zur Anmeldung an die Projektleiterin Monika Bouda, Tel. 0176 \/ 61023207, oder an Yvonne Hartmann, Koordinatorin Ehrenamt in der Fl\u00fcchtlingshilfe bei der Caritas im Bistum Fulda, Tel. 0176 \/ 12428059.<\/p>\n","protected":false},"excerpt":{"rendered":"<div class=\"tmnf_excerpt\"><p>Am Donnerstag, 29. Juni beginnt ein viermonatiges \u201eFrauen ID Kunstprojekt\u201c, bei dem noch Pl\u00e4tze frei sind: Teilnehmen k\u00f6nnen Frauen von 18 bis 26 Jahren mit so genanntem Fluchthintergrund, die im Landkreis Fulda ihren Wohnsitz haben. Durchf\u00fchrende ist die K\u00fcnstlerin Christine Hartmann, die Veranstaltung findet im Atelier 14 in Fulda Hamerz, Hamerzer Stra\u00dfe 14 statt. Das &hellip;<\/p>\n<\/div>","protected":false},"author":1,"featured_media":0,"comment_status":"closed","ping_status":"closed","sticky":false,"template":"","format":"standard","meta":{"footnotes":""},"categories":[1],"tags":[],"class_list":["post-165006","post","type-post","status-publish","format-standard","hentry","category-startseite"],"_links":{"self":[{"href":"https:\/\/www.fuldaernachrichten.de\/index.php?rest_route=\/wp\/v2\/posts\/165006","targetHints":{"allow":["GET"]}}],"collection":[{"href":"https:\/\/www.fuldaernachrichten.de\/index.php?rest_route=\/wp\/v2\/posts"}],"about":[{"href":"https:\/\/www.fuldaernachrichten.de\/index.php?rest_route=\/wp\/v2\/types\/post"}],"author":[{"embeddable":true,"href":"https:\/\/www.fuldaernachrichten.de\/index.php?rest_route=\/wp\/v2\/users\/1"}],"replies":[{"embeddable":true,"href":"https:\/\/www.fuldaernachrichten.de\/index.php?rest_route=%2Fwp%2Fv2%2Fcomments&post=165006"}],"version-history":[{"count":1,"href":"https:\/\/www.fuldaernachrichten.de\/index.php?rest_route=\/wp\/v2\/posts\/165006\/revisions"}],"predecessor-version":[{"id":165015,"href":"https:\/\/www.fuldaernachrichten.de\/index.php?rest_route=\/wp\/v2\/posts\/165006\/revisions\/165015"}],"wp:attachment":[{"href":"https:\/\/www.fuldaernachrichten.de\/index.php?rest_route=%2Fwp%2Fv2%2Fmedia&parent=165006"}],"wp:term":[{"taxonomy":"category","embeddable":true,"href":"https:\/\/www.fuldaernachrichten.de\/index.php?rest_route=%2Fwp%2Fv2%2Fcategories&post=165006"},{"taxonomy":"post_tag","embeddable":true,"href":"https:\/\/www.fuldaernachrichten.de\/index.php?rest_route=%2Fwp%2Fv2%2Ftags&post=165006"}],"curies":[{"name":"wp","href":"https:\/\/api.w.org\/{rel}","templated":true}]}}