{"id":165004,"date":"2017-06-27T22:22:23","date_gmt":"2017-06-27T20:22:23","guid":{"rendered":"http:\/\/www.fuldaer-nachrichten.de\/?p=165004"},"modified":"2017-06-27T22:22:23","modified_gmt":"2017-06-27T20:22:23","slug":"max-eyth-schule-uebergibt-zeugnisse-an-17-staatlich-gepruefte-techniker-im-fachbereich-mechatronik","status":"publish","type":"post","link":"https:\/\/www.fuldaernachrichten.de\/?p=165004","title":{"rendered":"Max-Eyth-Schule \u00fcbergibt Zeugnisse an 17 Staatlich gepr\u00fcfte Techniker im Fachbereich Mechatronik"},"content":{"rendered":"<p>Mit gro\u00dfer Freude und auch ein wenig bewegt \u00fcbergab vor wenigen Tagen Abteilungsleiterin Susanne Sch\u00e4fer 17 Zeugnisse und zahlreiche weitere Zertifikate an die Absolventen der \u201eWeiterbildung zum Techniker \/ zur Technikerin Fachrichtung Mechatronik\u201c an der Max-Eyth-Schule. Hinter dieser Zahl stecke mehr als der blo\u00dfe Abschluss einer Weiterbildung, so Sch\u00e4fer in ihrer Ansprache an die erfolgreichen Teilnehmer, dahinter stecke auch eine gro\u00dfe, beachtenswerte Leistung. Denn diejenigen, die die Studiendirektorin an diesem Tag auszeichnete, hatten ihren Abschluss in Teilzeit erworben: Fast dreieinhalb Jahre lang bedeutete das f\u00fcr sie zus\u00e4tzlich zu ihrer Berufst\u00e4tigkeit und dem Familien- und Privatleben jeden Freitagnachmittag bis in den sp\u00e4ten Abend hinein und jeden Samstag zu lernen, um eine Qualifikation zu erreichen, die, auch das betonte die Rednerin, im Deutschen Qualifikationsrahmen dem Bachelorabschluss gleichgestellt ist.<\/p>\n<p>F\u00fcr diese Weiterbildung wurde an der Max-Eyth-Schule ein schulspezifisches Curriculum konzipiert, wie Koordinator J\u00f6rg Schilderoth darstellte. In den dreieinhalb Jahren wird Wissen in den Bereichen Elektronik, Mechanik, Steuerungs- und Automatisierungstechnik sowie Maschinen- und Anlagendiagnostik vermittelt. Des Weiteren werden die F\u00e4cher Informationstechnik, Mathematik sowie Projektmanagement abgedeckt. Zur Weiterbildung geh\u00f6ren neben den Pr\u00e4senzveranstaltungen E-Learning-Anteile und die Erstellung einer Projektarbeit in einer selbstorganisierten Kooperation mit einem geeigneten Unternehmen. Viele einzelne Fachgebiete greifen hier zusammen, und so erhielten alle Absolventen gemeinsam mit dem Pr\u00fcfungszeugnis auch Zertifikate \u00fcber erfolgreich erworbene Kenntnisse in der Konstruktionssoftware Autodesk Inventor, in den Grundlagen der Software f\u00fcr Elektroprojektierung und Engineering EPLAN P8 sowie in der Arbeit mit der neuen Steuerungsgeneration SIMATIC S7 und der daf\u00fcr erforderlichen Plattform TIA Portal.<\/p>\n<p>Hohe Motivation traf hier auf hohes Niveau \u2013 beides wurde von den Absolventen \u00fcber diesen langen Zeitraum aufrechterhalten, sodass sie nun mit Recht auf einen Abschluss blicken, der ihnen den Weg in die mittleren F\u00fchrungsebenen bahnt. Neben dem Fachwissen h\u00e4tten die Teilnehmer der Weiterbildung auch ihre Teamf\u00e4higkeit und ihre F\u00e4higkeit zum eigenst\u00e4ndigen Arbeiten weiterentwickelt, unterstrich Sch\u00e4fer, die ganz besonders auch den Einsatz der Fachsch\u00fcler bei der Projektarbeit lobte, die zus\u00e4tzlichen zum Unterricht, mit einem Zeitaufwand von mindestens 160 Stunden, erstellt werden musste.<br \/>\nNeben dem Zeugnis zum Staatlich gepr\u00fcften Techniker k\u00f6nnen einige der Absolventen weitere Zertifikate ihr eigen nennen: Im Rahmen eines T\u00dcV-Lehrgangs wurden sie zur Qualit\u00e4tsfachkraft oder zum Qualit\u00e4tsberater ausgebildet, einige erwarben durch das Ablegen einer FH-Mathematik-Zusatzpr\u00fcfung die Fachhochschulreife, andere wiederum legten die Pr\u00fcfung f\u00fcr den Ausbildereignungsschein ab.<\/p>\n<p>Ein breites Spektrum an M\u00f6glichkeiten ist es also, das die Max-Eyth-Schule in diesem Fachschulbereich anbietet. \u201eUnsere Absolventen haben erkannt, dass es in dem Zeitalter der Industrie 4.0, also einer Epoche, in der die IT in jedes Feld und damit auch in jedes industrielle Arbeitsfeld integriert ist, ohne weiteres Fachwissen nicht mehr geht.\u201c Die Fachsch\u00fcler der Max-Eyth-Schule kommen aus allen Metall- und Elektroberufen, sind in der Regel ausgebildete Mechatroniker oder Elektriker. F\u00fcr sie ist die Weiterbildung in Alsfeld eine gute Alternative zum Studium. Daf\u00fcr kommen sie auch aus der weiteren Region in die Fachwerkstadt: Teilnehmer aus Frankfurt, Gie\u00dfen, Marburg, Stadtallendorf oder auch dem Main-Kinzig-Kreis sind keine Seltenheit.<br \/>\nSchulleiter Friedhelm Walther betonte in seiner Ansprache anl\u00e4sslich der Zeugnisverleihung, dass die Berufspraxis, die alle Absolventen mitbringen, den Abschluss ganz besonders hochwertig macht. Wie Susanne Sch\u00e4fer zuvor unterstrich er jedoch, dass in Zeiten des schnellen Wissenszuwachses \u2013 in Fachkreisen spricht man l\u00e4ngst von Industrie 5.0 \u2013 lebenslanges Lernen ein Muss geworden ist. Er forderte die Absolventen auf, dran zu bleiben, weiter zu lernen; das R\u00fcstzeug dazu habe ihnen die bestandene Weiterbildung mitgegeben.<\/p>\n<p>Die \u201eWeiterbildung zum Techniker \/ zur Technikerin Fachrichtung Mechatronik\u201c bietet die Max-Eyth-Schule auch in Vollzeit an. Ein neuer Kurs startet mit dem kommenden Schuljahr, er dauert zwei Jahre. Hierzu kann man sich jetzt noch anmelden. Mit einem Teilzeitkurs geht die Max-Eyth-Schule im n\u00e4chsten Jahr wieder an den Start.<br \/>\nAn diesem Abend jedoch galt die Aufmerksamkeit erst einmal den frischgebackenen Absolventen, die wie ihre Abteilungsleiterin und die anwesenden Fachlehrer stolz auf diesen Abschluss sind. Den Abschluss \u201eStaatlich gepr\u00fcfter Techniker Fachrichtung Mechatronik\u201c haben erworben: Hans Budde, Philipp D\u00f6rr, Hans-Otto Drescher, Viktor Enns, Dominik Gerhardt, Marcel H\u00fclsmann, Mirko Justus, Stefan Kunerl, Michael Magel, Bj\u00f6rn Roos, Nikolaj Sabirko, Viktor Schilling, Kevin Seibel, Benjamin Spohr, Eduard Strasser, Marko Wagner und Florian Wiese.<\/p>\n","protected":false},"excerpt":{"rendered":"<div class=\"tmnf_excerpt\"><p>Mit gro\u00dfer Freude und auch ein wenig bewegt \u00fcbergab vor wenigen Tagen Abteilungsleiterin Susanne Sch\u00e4fer 17 Zeugnisse und zahlreiche weitere Zertifikate an die Absolventen der \u201eWeiterbildung zum Techniker \/ zur Technikerin Fachrichtung Mechatronik\u201c an der Max-Eyth-Schule. Hinter dieser Zahl stecke mehr als der blo\u00dfe Abschluss einer Weiterbildung, so Sch\u00e4fer in ihrer Ansprache an die erfolgreichen &hellip;<\/p>\n<\/div>","protected":false},"author":1,"featured_media":165008,"comment_status":"closed","ping_status":"closed","sticky":false,"template":"","format":"gallery","meta":{"footnotes":""},"categories":[1],"tags":[],"class_list":["post-165004","post","type-post","status-publish","format-gallery","has-post-thumbnail","hentry","category-startseite","post_format-post-format-gallery"],"_links":{"self":[{"href":"https:\/\/www.fuldaernachrichten.de\/index.php?rest_route=\/wp\/v2\/posts\/165004","targetHints":{"allow":["GET"]}}],"collection":[{"href":"https:\/\/www.fuldaernachrichten.de\/index.php?rest_route=\/wp\/v2\/posts"}],"about":[{"href":"https:\/\/www.fuldaernachrichten.de\/index.php?rest_route=\/wp\/v2\/types\/post"}],"author":[{"embeddable":true,"href":"https:\/\/www.fuldaernachrichten.de\/index.php?rest_route=\/wp\/v2\/users\/1"}],"replies":[{"embeddable":true,"href":"https:\/\/www.fuldaernachrichten.de\/index.php?rest_route=%2Fwp%2Fv2%2Fcomments&post=165004"}],"version-history":[{"count":1,"href":"https:\/\/www.fuldaernachrichten.de\/index.php?rest_route=\/wp\/v2\/posts\/165004\/revisions"}],"predecessor-version":[{"id":165012,"href":"https:\/\/www.fuldaernachrichten.de\/index.php?rest_route=\/wp\/v2\/posts\/165004\/revisions\/165012"}],"wp:featuredmedia":[{"embeddable":true,"href":"https:\/\/www.fuldaernachrichten.de\/index.php?rest_route=\/wp\/v2\/media\/165008"}],"wp:attachment":[{"href":"https:\/\/www.fuldaernachrichten.de\/index.php?rest_route=%2Fwp%2Fv2%2Fmedia&parent=165004"}],"wp:term":[{"taxonomy":"category","embeddable":true,"href":"https:\/\/www.fuldaernachrichten.de\/index.php?rest_route=%2Fwp%2Fv2%2Fcategories&post=165004"},{"taxonomy":"post_tag","embeddable":true,"href":"https:\/\/www.fuldaernachrichten.de\/index.php?rest_route=%2Fwp%2Fv2%2Ftags&post=165004"}],"curies":[{"name":"wp","href":"https:\/\/api.w.org\/{rel}","templated":true}]}}