{"id":165001,"date":"2017-06-27T22:19:11","date_gmt":"2017-06-27T20:19:11","guid":{"rendered":"http:\/\/www.fuldaer-nachrichten.de\/?p=165001"},"modified":"2017-06-27T22:19:11","modified_gmt":"2017-06-27T20:19:11","slug":"deutsche-bahn-plant-bundesweites-trainingszentrum-in-fulda","status":"publish","type":"post","link":"https:\/\/www.fuldaernachrichten.de\/?p=165001","title":{"rendered":"Deutsche Bahn plant bundesweites Trainingszentrum in Fulda"},"content":{"rendered":"<p>Die Deutsche Bahn beabsichtigt, in Fulda ein als Leuchtturmprojekt geplantes Trainingszentrum ihres Bildungstr\u00e4gers DB Training einzurichten. Bis zu 380 Mitarbeiter will das Unternehmen dort t\u00e4glich schulen. In der Barockstadt soll damit eine von insgesamt 20 bundesweiten Trainingseinrichtungen f\u00fcr Mitarbeiter der Deutschen Bahn entstehen. <\/p>\n<p>Die notwendigen R\u00e4umlichkeiten will die Fuldaer Firmengruppe Werner in unmittelbarer Umgebung des Fuldaer Bahnhofes realisieren. Auf dem Areal zwischen Magdeburger Stra\u00dfe, Zieherser Weg und Esperantostra\u00dfe will das Fuldaer Unternehmen einen mehrgeschossigen Geb\u00e4udekomplex errichten, in dem die Deutsche Bahn als Ankermieter \u00fcber 2.000 Quadratmeter Schulungs- und B\u00fcrofl\u00e4chen anmietet. Nach derzeitigem Planungsstand k\u00f6nnte die Inbetriebnahme des Trainingszentrums zur Jahresmitte 2019 erfolgen. Im Zuge des Projektes will die Deutsche Bahn auch ein Lehrstellwerk f\u00fcr die Ausbildung der Fahrdienstleiter in ihre bestehenden R\u00e4umlichkeiten im Werk nach Fulda verlagern.   <\/p>\n<p>\u201eWir begr\u00fc\u00dfen das Engagement der Deutschen Bahn in Fulda ausdr\u00fccklich\u201c, betont Oberb\u00fcrgermeister Dr. Heiko Wingenfeld, der sich von der Einrichtung des Trainingszentrums eine weitere Aufwertung des Kongress- und Tagungsstandortes Fulda sowie eine nachhaltige St\u00e4rkung als ICE-Standort verspricht. \u201eDie Teilnehmer werden aus dem gesamten Bundesgebiet anreisen und teilweise f\u00fcr mehrere Tage in Fulda bleiben. Dies hat auch auf die lokalen Hotels und Gastst\u00e4tten positive Effekte\u201c, ist sich der Oberb\u00fcrgermeister sicher. Die Stadt will das ambitionierte Projekt deshalb grunds\u00e4tzlich unterst\u00fctzen. Zurzeit werden die bauplanungsrechtlichen Gegebenheiten des Projektes gepr\u00fcft. <\/p>\n","protected":false},"excerpt":{"rendered":"<div class=\"tmnf_excerpt\"><p>Die Deutsche Bahn beabsichtigt, in Fulda ein als Leuchtturmprojekt geplantes Trainingszentrum ihres Bildungstr\u00e4gers DB Training einzurichten. Bis zu 380 Mitarbeiter will das Unternehmen dort t\u00e4glich schulen. In der Barockstadt soll damit eine von insgesamt 20 bundesweiten Trainingseinrichtungen f\u00fcr Mitarbeiter der Deutschen Bahn entstehen. Die notwendigen R\u00e4umlichkeiten will die Fuldaer Firmengruppe Werner in unmittelbarer Umgebung des &hellip;<\/p>\n<\/div>","protected":false},"author":1,"featured_media":0,"comment_status":"closed","ping_status":"closed","sticky":false,"template":"","format":"standard","meta":{"footnotes":""},"categories":[1],"tags":[],"class_list":["post-165001","post","type-post","status-publish","format-standard","hentry","category-startseite"],"_links":{"self":[{"href":"https:\/\/www.fuldaernachrichten.de\/index.php?rest_route=\/wp\/v2\/posts\/165001","targetHints":{"allow":["GET"]}}],"collection":[{"href":"https:\/\/www.fuldaernachrichten.de\/index.php?rest_route=\/wp\/v2\/posts"}],"about":[{"href":"https:\/\/www.fuldaernachrichten.de\/index.php?rest_route=\/wp\/v2\/types\/post"}],"author":[{"embeddable":true,"href":"https:\/\/www.fuldaernachrichten.de\/index.php?rest_route=\/wp\/v2\/users\/1"}],"replies":[{"embeddable":true,"href":"https:\/\/www.fuldaernachrichten.de\/index.php?rest_route=%2Fwp%2Fv2%2Fcomments&post=165001"}],"version-history":[{"count":1,"href":"https:\/\/www.fuldaernachrichten.de\/index.php?rest_route=\/wp\/v2\/posts\/165001\/revisions"}],"predecessor-version":[{"id":165005,"href":"https:\/\/www.fuldaernachrichten.de\/index.php?rest_route=\/wp\/v2\/posts\/165001\/revisions\/165005"}],"wp:attachment":[{"href":"https:\/\/www.fuldaernachrichten.de\/index.php?rest_route=%2Fwp%2Fv2%2Fmedia&parent=165001"}],"wp:term":[{"taxonomy":"category","embeddable":true,"href":"https:\/\/www.fuldaernachrichten.de\/index.php?rest_route=%2Fwp%2Fv2%2Fcategories&post=165001"},{"taxonomy":"post_tag","embeddable":true,"href":"https:\/\/www.fuldaernachrichten.de\/index.php?rest_route=%2Fwp%2Fv2%2Ftags&post=165001"}],"curies":[{"name":"wp","href":"https:\/\/api.w.org\/{rel}","templated":true}]}}