{"id":164994,"date":"2017-06-27T22:18:00","date_gmt":"2017-06-27T20:18:00","guid":{"rendered":"http:\/\/www.fuldaer-nachrichten.de\/?p=164994"},"modified":"2017-06-27T22:18:00","modified_gmt":"2017-06-27T20:18:00","slug":"einladung-fuer-kinder-zur-bauwoche-auf-dem-aschenberg","status":"publish","type":"post","link":"https:\/\/www.fuldaernachrichten.de\/?p=164994","title":{"rendered":"Einladung f\u00fcr Kinder zur Bauwoche auf dem Aschenberg"},"content":{"rendered":"<p>Der Kinder und Jugendtreffpunkt am Aschenberg und die Arbeiterwohlfahrt laden alle Kinder aus dem Stadtteil ein von Montag den 03. Juli bis Freitag den 07. Juli beim Aufbau des neuen Spielger\u00e4tes &#8220;Raumstation&#8221; auf dem Spiel- und Sportgel\u00e4nde Aschenberg mitzuarbeiten.  Gebaut wird t\u00e4glich von 09:30 Uhr bis ca. 18:30 Uhr zusammen mit den Mitarbeitern der Firma Holzgestalten.\u00e2\u20ac\u00a8Die Entwurfsideen zum Spielger\u00e4t &#8220;Raumstation&#8221; entstanden durch die Kinder des Stadtteils in einem Projekt in den Osterferien. Die endg\u00fcltige Planung des Spielger\u00e4tes erfolgte durch Herrn G\u00fcnter Beltzig von Playdesign. <\/p>\n<p>F\u00fcr Freitag den 07. Juli sind dann alle Helferinnen und Helfer ab 15 Uhr zu einem Richtfest mit Gegrilltem und Getr\u00e4nken herzlich eingeladen.  \u00e2\u20ac\u00a8Als h\u00f6chstgelegenem Fuldaer Stadtteil und einzigem mit einer eigenen Raumstation kann man das inoffizielle Motto &#8221; Wir sind ganz oben!&#8221; dann bald noch w\u00f6rtlicher nehmen.\u00e2\u20ac\u00a8\u00e2\u20ac\u00a8Weitere Infos unter: Jugendtreffpunkt am Aschenberg, Frank Schiffhauer, Tel: 0661 56355\u00e2\u20ac\u00a8<\/p>\n","protected":false},"excerpt":{"rendered":"<div class=\"tmnf_excerpt\"><p>Der Kinder und Jugendtreffpunkt am Aschenberg und die Arbeiterwohlfahrt laden alle Kinder aus dem Stadtteil ein von Montag den 03. Juli bis Freitag den 07. Juli beim Aufbau des neuen Spielger\u00e4tes &#8220;Raumstation&#8221; auf dem Spiel- und Sportgel\u00e4nde Aschenberg mitzuarbeiten. Gebaut wird t\u00e4glich von 09:30 Uhr bis ca. 18:30 Uhr zusammen mit den Mitarbeitern der Firma &hellip;<\/p>\n<\/div>","protected":false},"author":1,"featured_media":164998,"comment_status":"closed","ping_status":"closed","sticky":false,"template":"","format":"standard","meta":{"footnotes":""},"categories":[1],"tags":[],"class_list":["post-164994","post","type-post","status-publish","format-standard","has-post-thumbnail","hentry","category-startseite"],"_links":{"self":[{"href":"https:\/\/www.fuldaernachrichten.de\/index.php?rest_route=\/wp\/v2\/posts\/164994","targetHints":{"allow":["GET"]}}],"collection":[{"href":"https:\/\/www.fuldaernachrichten.de\/index.php?rest_route=\/wp\/v2\/posts"}],"about":[{"href":"https:\/\/www.fuldaernachrichten.de\/index.php?rest_route=\/wp\/v2\/types\/post"}],"author":[{"embeddable":true,"href":"https:\/\/www.fuldaernachrichten.de\/index.php?rest_route=\/wp\/v2\/users\/1"}],"replies":[{"embeddable":true,"href":"https:\/\/www.fuldaernachrichten.de\/index.php?rest_route=%2Fwp%2Fv2%2Fcomments&post=164994"}],"version-history":[{"count":1,"href":"https:\/\/www.fuldaernachrichten.de\/index.php?rest_route=\/wp\/v2\/posts\/164994\/revisions"}],"predecessor-version":[{"id":164999,"href":"https:\/\/www.fuldaernachrichten.de\/index.php?rest_route=\/wp\/v2\/posts\/164994\/revisions\/164999"}],"wp:featuredmedia":[{"embeddable":true,"href":"https:\/\/www.fuldaernachrichten.de\/index.php?rest_route=\/wp\/v2\/media\/164998"}],"wp:attachment":[{"href":"https:\/\/www.fuldaernachrichten.de\/index.php?rest_route=%2Fwp%2Fv2%2Fmedia&parent=164994"}],"wp:term":[{"taxonomy":"category","embeddable":true,"href":"https:\/\/www.fuldaernachrichten.de\/index.php?rest_route=%2Fwp%2Fv2%2Fcategories&post=164994"},{"taxonomy":"post_tag","embeddable":true,"href":"https:\/\/www.fuldaernachrichten.de\/index.php?rest_route=%2Fwp%2Fv2%2Ftags&post=164994"}],"curies":[{"name":"wp","href":"https:\/\/api.w.org\/{rel}","templated":true}]}}