{"id":164988,"date":"2017-06-27T22:16:25","date_gmt":"2017-06-27T20:16:25","guid":{"rendered":"http:\/\/www.fuldaer-nachrichten.de\/?p=164988"},"modified":"2017-06-27T22:16:25","modified_gmt":"2017-06-27T20:16:25","slug":"platz-fuenf-und-viele-erkenntnisse-in-der-top-liga-des-deutschen-rallyesports","status":"publish","type":"post","link":"https:\/\/www.fuldaernachrichten.de\/?p=164988","title":{"rendered":"Platz f\u00fcnf und viele Erkenntnisse in der Top-Liga des deutschen Rallyesports"},"content":{"rendered":"<p>Der f\u00fcnfte Lauf zur Deutschen Rallyemeisterschaft (DRM) f\u00fchrte die Protagonisten nach L\u00fcbbecke. Der Surheimer Hermann Gassner jr. nutzte mit seiner Beifahrerin Ursula Mayrhofer (Sierning, \u00d6sterreich) die Gelegenheit, um seine Premiere im Hyundai i20 R5 bei der ADAC Rallye Stemweder Berg, die rund um die ostwestf\u00e4lische Stadt ausgetragen wurde, zu absolvieren.<\/p>\n<p>Das Hauptaugenmerk lag darauf das Auto der deutschen Rallye-Szene zu pr\u00e4sentieren, das Gef\u00fchl und Know-how zu erweitern und mit flotten WP-Zeiten aufzuzeigen. Aufgrund der fehlenden Erfahrung und der Rallye Abstinenz war ein Angriff auf die Speerspitze der DRM nicht die oberste Priorit\u00e4t. <\/p>\n<p>Am Freitagabend startete die Eingew\u00f6hnungsphase, wobei der Technikteufel  die ersten Pr\u00e4mieren-Kilometer zu einem schwierigen Akt werden lie\u00df. So Hermann jr.: \u201eWir sind die ersten drei Wertungspr\u00fcfungen ohne Handbremse gefahren. Das bedeutete dass wir uns keinen Fehler erlauben durften. Unsere Mechaniker von Gassner Motorsport haben die Fehler aber schnell lokalisieren und beseitigen k\u00f6nnen. So konnten wir uns auf den folgenden Wertungspr\u00fcfungen vier und f\u00fcnf steigern.\u201c <\/p>\n<p>Der n\u00e4chste Morgen war wolkenverhangen, aber die Bedingungen blieben bis zum Abend trocken. Weitere zehn Wertungspr\u00fcfungen mit knapp 100 Kilometern, st\u00e4ndig wechselndes Grip-Niveau und t\u00fcckische Stellen warteten auf das bayerisch\/\u00f6sterreichische Duo an diesem Tag. Mit verschiedenen Ver\u00e4nderungen am Set-Up und steigendem Wohlf\u00fchlverm\u00f6gen wurde der Hyundai i20 R5 \u00fcber die schnellen Strecken bewegt. \u201eBis zur Mittagspause konnten wir unseren Speed stetig steigern. Am Nachmittag haben wir einen Bremspunkt etwas zu optimistisch gew\u00e4hlt, uns dann gedreht und konnten den R\u00fcckw\u00e4rtsgang nicht sofort einlegen\u201c, erkl\u00e4rte Beifahrerin Ursula Mayrhofer den Zeitr\u00fcckstand. <\/p>\n<p>Im Ziel berichtet Hermann jr.: \u201eEs tut mir sehr leid dass unser unmittelbarer Mitstreiter Philipp Knof fr\u00fchzeitig sein Auto abstellen musste. Vor der letzten WP war es noch ziemlich knapp und ein Duell w\u00e4re noch interessant geworden. Wir sind mit unserem Einsatz sehr zufrieden, konnten vieles probieren und herausfinden, wo wir noch konkreter an weiteren Ver\u00e4nderungen zu arbeiten haben. Der f\u00fcnfte Gesamtrang, einige Top WP-Zeiten und die unglaublich positive Zuseher- und Medien-Resonanz sind ein optimaler Abschluss dieser Veranstaltung. Gro\u00dfer Dank geb\u00fchrt unserem gesamten Team, die mit vollem Einsatz Hand angelegt haben. Ebenfalls m\u00f6chte ich mich bei meinen Sponsoren f\u00fcr die Unterst\u00fctzung bedanken, denn sonst w\u00e4re dieser Einsatz nicht m\u00f6glich gewesen. Wir haben gezeigt dass der Grundstein f\u00fcr Top-Resultate mit diesem Auto gelegt ist und hoffen darauf den Hyundai i20 R5 bald wieder auf deutschen Rallyepisten bewegen zu k\u00f6nnen.\u201c Der n\u00e4chste Einsatz l\u00e4sst allerdings nicht lange auf sich warten. Hermann Gassner jr. und sein Team sind bereits am kommenden Wochenende bei der 4th Rally \u00c5\u00bdelezniki in Slowenien am Start und treffen dort auch auf ehemalige und amtierende Champions der internationalen Rallyeszene.<\/p>\n","protected":false},"excerpt":{"rendered":"<div class=\"tmnf_excerpt\"><p>Der f\u00fcnfte Lauf zur Deutschen Rallyemeisterschaft (DRM) f\u00fchrte die Protagonisten nach L\u00fcbbecke. Der Surheimer Hermann Gassner jr. nutzte mit seiner Beifahrerin Ursula Mayrhofer (Sierning, \u00d6sterreich) die Gelegenheit, um seine Premiere im Hyundai i20 R5 bei der ADAC Rallye Stemweder Berg, die rund um die ostwestf\u00e4lische Stadt ausgetragen wurde, zu absolvieren. Das Hauptaugenmerk lag darauf das &hellip;<\/p>\n<\/div>","protected":false},"author":1,"featured_media":164992,"comment_status":"closed","ping_status":"closed","sticky":false,"template":"","format":"standard","meta":{"footnotes":""},"categories":[1],"tags":[],"class_list":["post-164988","post","type-post","status-publish","format-standard","has-post-thumbnail","hentry","category-startseite"],"_links":{"self":[{"href":"https:\/\/www.fuldaernachrichten.de\/index.php?rest_route=\/wp\/v2\/posts\/164988","targetHints":{"allow":["GET"]}}],"collection":[{"href":"https:\/\/www.fuldaernachrichten.de\/index.php?rest_route=\/wp\/v2\/posts"}],"about":[{"href":"https:\/\/www.fuldaernachrichten.de\/index.php?rest_route=\/wp\/v2\/types\/post"}],"author":[{"embeddable":true,"href":"https:\/\/www.fuldaernachrichten.de\/index.php?rest_route=\/wp\/v2\/users\/1"}],"replies":[{"embeddable":true,"href":"https:\/\/www.fuldaernachrichten.de\/index.php?rest_route=%2Fwp%2Fv2%2Fcomments&post=164988"}],"version-history":[{"count":1,"href":"https:\/\/www.fuldaernachrichten.de\/index.php?rest_route=\/wp\/v2\/posts\/164988\/revisions"}],"predecessor-version":[{"id":164993,"href":"https:\/\/www.fuldaernachrichten.de\/index.php?rest_route=\/wp\/v2\/posts\/164988\/revisions\/164993"}],"wp:featuredmedia":[{"embeddable":true,"href":"https:\/\/www.fuldaernachrichten.de\/index.php?rest_route=\/wp\/v2\/media\/164992"}],"wp:attachment":[{"href":"https:\/\/www.fuldaernachrichten.de\/index.php?rest_route=%2Fwp%2Fv2%2Fmedia&parent=164988"}],"wp:term":[{"taxonomy":"category","embeddable":true,"href":"https:\/\/www.fuldaernachrichten.de\/index.php?rest_route=%2Fwp%2Fv2%2Fcategories&post=164988"},{"taxonomy":"post_tag","embeddable":true,"href":"https:\/\/www.fuldaernachrichten.de\/index.php?rest_route=%2Fwp%2Fv2%2Ftags&post=164988"}],"curies":[{"name":"wp","href":"https:\/\/api.w.org\/{rel}","templated":true}]}}