{"id":164987,"date":"2017-06-27T22:17:35","date_gmt":"2017-06-27T20:17:35","guid":{"rendered":"http:\/\/www.fuldaer-nachrichten.de\/?p=164987"},"modified":"2017-06-27T22:17:35","modified_gmt":"2017-06-27T20:17:35","slug":"zu-besuch-im-klinikum-fulda-baustellen-tour-fuer-niedergelassene-aerztinnen-und-aerzte-im-neuen-op-und-notfallzentrum","status":"publish","type":"post","link":"https:\/\/www.fuldaernachrichten.de\/?p=164987","title":{"rendered":"Zu Besuch im Klinikum Fulda: Baustellen-Tour f\u00fcr  Niedergelassene \u00c4rztinnen und \u00c4rzte im neuen OP- und Notfallzentrum"},"content":{"rendered":"<p><a href=\"http:\/\/www.fuldaer-nachrichten.de\/wp-content\/uploads\/2017\/06\/PD-MEnzel_Beichtigung_NL_DSC_9973.jpg\"><img decoding=\"async\" src=\"http:\/\/www.fuldaer-nachrichten.de\/wp-content\/uploads\/2017\/06\/PD-MEnzel_Beichtigung_NL_DSC_9973-265x176.jpg\" alt=\"\" width=\"265\" height=\"176\" class=\"alignleft size-thumbnail wp-image-164995\" srcset=\"https:\/\/www.fuldaernachrichten.de\/wp-content\/uploads\/2017\/06\/PD-MEnzel_Beichtigung_NL_DSC_9973-265x176.jpg 265w, https:\/\/www.fuldaernachrichten.de\/wp-content\/uploads\/2017\/06\/PD-MEnzel_Beichtigung_NL_DSC_9973-768x509.jpg 768w, https:\/\/www.fuldaernachrichten.de\/wp-content\/uploads\/2017\/06\/PD-MEnzel_Beichtigung_NL_DSC_9973-600x398.jpg 600w, https:\/\/www.fuldaernachrichten.de\/wp-content\/uploads\/2017\/06\/PD-MEnzel_Beichtigung_NL_DSC_9973.jpg 900w\" sizes=\"(max-width: 265px) 100vw, 265px\" \/><\/a>Auf Einladung des Klinikums waren am Mittwoch \u00c4rztinnen und \u00c4rzte aus Fulda und Umgebung zu Besuch auf Fuldas gr\u00f6\u00dfter Baustelle, dem Neubau des OP- und Notfallzentrums. Gemeinsam mit den \u00c4rztlichen Direktoren und Ober\u00e4rzten des Klinikums wurden sie von den   Klinikumsvorst\u00e4nden Priv.-Doz. Dr. Thomas Menzel und Andr\u00e9 Eydt herzlich begr\u00fc\u00dft. <\/p>\n<p>Der Sprecher der \u00c4rztlichen Direktoren des Klinikums, Prof. Dr. Konrad Schwager, hie\u00df die Kolleginnen und Kollegen im Namen des \u00c4rztekollegiums herzlich willkommen. Michael Conze,  niedergelassener Kardiologe in Fulda und Mitglied des Aufsichtsrats des GNO bedankte sich im Namen der niedergelassenen Kolleginnen und Kollegen f\u00fcr die freundliche Einladung und lobte die gute Zusammenarbeit mit dem Klinikum. Auch f\u00fcr den Neubau fand er lobende Worte: \u201eAls kleiner Junge habe ich hier auf der Wiese Drachen steigen lassen. Wenn ich jetzt sehe was da entsteht, dann macht mich das als Fuldaer richtig stolz\u201c.<\/p>\n<p>Die anschlie\u00dfende F\u00fchrung durch den Neubau wurde fachkundig und detailsicher von Peter Neidhardt, dem Leiter des Gesch\u00e4ftsbereiches Bau und Technik des Klinikums Fulda moderiert. Die G\u00e4ste waren beindruckt von den Dimensionen der Baustelle.<br \/>\nIm Anschluss bedanke sich der Vorstand bei den Kolleginnen und Kollegen f\u00fcr die gute Zusammenarbeit. \u201eWir haben eine gemeinsame Aufgabe: die Versorgung der Patientinnen und Patienten in der Region gut zu gestalten. Mit unserem Neubau k\u00f6nnen wir unser Angebot f\u00fcr Sie und unsere Patienten weiter verbessern,\u201c sagte Menzel.<\/p>\n","protected":false},"excerpt":{"rendered":"<div class=\"tmnf_excerpt\"><p>Auf Einladung des Klinikums waren am Mittwoch \u00c4rztinnen und \u00c4rzte aus Fulda und Umgebung zu Besuch auf Fuldas gr\u00f6\u00dfter Baustelle, dem Neubau des OP- und Notfallzentrums. Gemeinsam mit den \u00c4rztlichen Direktoren und Ober\u00e4rzten des Klinikums wurden sie von den Klinikumsvorst\u00e4nden Priv.-Doz. Dr. Thomas Menzel und Andr\u00e9 Eydt herzlich begr\u00fc\u00dft. Der Sprecher der \u00c4rztlichen Direktoren des &hellip;<\/p>\n<\/div>","protected":false},"author":1,"featured_media":164996,"comment_status":"closed","ping_status":"closed","sticky":false,"template":"","format":"standard","meta":{"footnotes":""},"categories":[1],"tags":[],"class_list":["post-164987","post","type-post","status-publish","format-standard","has-post-thumbnail","hentry","category-startseite"],"_links":{"self":[{"href":"https:\/\/www.fuldaernachrichten.de\/index.php?rest_route=\/wp\/v2\/posts\/164987","targetHints":{"allow":["GET"]}}],"collection":[{"href":"https:\/\/www.fuldaernachrichten.de\/index.php?rest_route=\/wp\/v2\/posts"}],"about":[{"href":"https:\/\/www.fuldaernachrichten.de\/index.php?rest_route=\/wp\/v2\/types\/post"}],"author":[{"embeddable":true,"href":"https:\/\/www.fuldaernachrichten.de\/index.php?rest_route=\/wp\/v2\/users\/1"}],"replies":[{"embeddable":true,"href":"https:\/\/www.fuldaernachrichten.de\/index.php?rest_route=%2Fwp%2Fv2%2Fcomments&post=164987"}],"version-history":[{"count":1,"href":"https:\/\/www.fuldaernachrichten.de\/index.php?rest_route=\/wp\/v2\/posts\/164987\/revisions"}],"predecessor-version":[{"id":164997,"href":"https:\/\/www.fuldaernachrichten.de\/index.php?rest_route=\/wp\/v2\/posts\/164987\/revisions\/164997"}],"wp:featuredmedia":[{"embeddable":true,"href":"https:\/\/www.fuldaernachrichten.de\/index.php?rest_route=\/wp\/v2\/media\/164996"}],"wp:attachment":[{"href":"https:\/\/www.fuldaernachrichten.de\/index.php?rest_route=%2Fwp%2Fv2%2Fmedia&parent=164987"}],"wp:term":[{"taxonomy":"category","embeddable":true,"href":"https:\/\/www.fuldaernachrichten.de\/index.php?rest_route=%2Fwp%2Fv2%2Fcategories&post=164987"},{"taxonomy":"post_tag","embeddable":true,"href":"https:\/\/www.fuldaernachrichten.de\/index.php?rest_route=%2Fwp%2Fv2%2Ftags&post=164987"}],"curies":[{"name":"wp","href":"https:\/\/api.w.org\/{rel}","templated":true}]}}