{"id":164979,"date":"2017-06-27T22:14:03","date_gmt":"2017-06-27T20:14:03","guid":{"rendered":"http:\/\/www.fuldaer-nachrichten.de\/?p=164979"},"modified":"2017-06-27T22:14:03","modified_gmt":"2017-06-27T20:14:03","slug":"landkreis-fulda-will-weiterhin-bewirtschaftete-huette-auf-der-milseburg","status":"publish","type":"post","link":"https:\/\/www.fuldaernachrichten.de\/?p=164979","title":{"rendered":"Landkreis Fulda will weiterhin bewirtschaftete H\u00fctte auf der Milseburg"},"content":{"rendered":"<p>Landrat Bernd Woide hat dem Rh\u00f6nklub f\u00fcr sein jahrzehntelanges Engagement zum Betrieb und Erhalt der Milseburgh\u00fctte gedankt. Wenn sich der Rh\u00f6nklub nun von der H\u00fctte wegen des hohen Unterhaltungs- und Renovierungsaufwands trennen wolle, sei dies zu akzeptieren, bedeute aber keine Abkehr von den bisherigen Planungen f\u00fcr die Zukunft der Milseburgh\u00fctte.<\/p>\n<p>F\u00fcr die Verantwortlichen beim Landkreis Fulda sei v\u00f6llig unstrittig, dass es auf der Milseburg auch weiterhin eine bewirtschaftete H\u00fctte geben m\u00fcsse. Dies entspreche einer \u00fcber einhundertj\u00e4hrigen Tradition, die vom Rh\u00f6nklub in vorbildlicher Weise gepflegt worden sei. F\u00fcr die Menschen der Region stelle die Milseburgh\u00fctte einen besonderen Anziehungspunkt in der Rh\u00f6n dar, unterstreicht Landrat Woide in einer Pressemitteilung. Eine reine Schutzh\u00fctte w\u00fcrde den Anforderungen und auch der Erwartungshaltung in der Bev\u00f6lkerung nicht gen\u00fcgen.<\/p>\n<p>Gemeinsam mit der Gemeinde Hofbieber, in deren Eigentum sich die Milseburg einschlie\u00dflich der H\u00fctte befinde, wolle der Landkreis die zwingend notwendige Sanierung und den Teilneubau mit Nachdruck vorantreiben. Er sehe sich dabei vor allem in der Rolle, die einschl\u00e4gigen Bem\u00fchungen zu koordinieren und F\u00f6rdermittel zu organisieren. Eine zentrale Bedeutung habe die Frage der Ver- und Entsorgung. Der Genehmigungsantrag f\u00fcr eine Erschlie\u00dfungsbohrung, die vom Landkreis finanziert werde, sei gestellt. Haushaltsmittel von 300.000 Euro st\u00fcnden bereit.<\/p>\n","protected":false},"excerpt":{"rendered":"<div class=\"tmnf_excerpt\"><p>Landrat Bernd Woide hat dem Rh\u00f6nklub f\u00fcr sein jahrzehntelanges Engagement zum Betrieb und Erhalt der Milseburgh\u00fctte gedankt. Wenn sich der Rh\u00f6nklub nun von der H\u00fctte wegen des hohen Unterhaltungs- und Renovierungsaufwands trennen wolle, sei dies zu akzeptieren, bedeute aber keine Abkehr von den bisherigen Planungen f\u00fcr die Zukunft der Milseburgh\u00fctte. F\u00fcr die Verantwortlichen beim Landkreis &hellip;<\/p>\n<\/div>","protected":false},"author":1,"featured_media":0,"comment_status":"closed","ping_status":"closed","sticky":false,"template":"","format":"standard","meta":{"footnotes":""},"categories":[1],"tags":[],"class_list":["post-164979","post","type-post","status-publish","format-standard","hentry","category-startseite"],"_links":{"self":[{"href":"https:\/\/www.fuldaernachrichten.de\/index.php?rest_route=\/wp\/v2\/posts\/164979","targetHints":{"allow":["GET"]}}],"collection":[{"href":"https:\/\/www.fuldaernachrichten.de\/index.php?rest_route=\/wp\/v2\/posts"}],"about":[{"href":"https:\/\/www.fuldaernachrichten.de\/index.php?rest_route=\/wp\/v2\/types\/post"}],"author":[{"embeddable":true,"href":"https:\/\/www.fuldaernachrichten.de\/index.php?rest_route=\/wp\/v2\/users\/1"}],"replies":[{"embeddable":true,"href":"https:\/\/www.fuldaernachrichten.de\/index.php?rest_route=%2Fwp%2Fv2%2Fcomments&post=164979"}],"version-history":[{"count":1,"href":"https:\/\/www.fuldaernachrichten.de\/index.php?rest_route=\/wp\/v2\/posts\/164979\/revisions"}],"predecessor-version":[{"id":164986,"href":"https:\/\/www.fuldaernachrichten.de\/index.php?rest_route=\/wp\/v2\/posts\/164979\/revisions\/164986"}],"wp:attachment":[{"href":"https:\/\/www.fuldaernachrichten.de\/index.php?rest_route=%2Fwp%2Fv2%2Fmedia&parent=164979"}],"wp:term":[{"taxonomy":"category","embeddable":true,"href":"https:\/\/www.fuldaernachrichten.de\/index.php?rest_route=%2Fwp%2Fv2%2Fcategories&post=164979"},{"taxonomy":"post_tag","embeddable":true,"href":"https:\/\/www.fuldaernachrichten.de\/index.php?rest_route=%2Fwp%2Fv2%2Ftags&post=164979"}],"curies":[{"name":"wp","href":"https:\/\/api.w.org\/{rel}","templated":true}]}}