{"id":164977,"date":"2017-06-27T22:13:56","date_gmt":"2017-06-27T20:13:56","guid":{"rendered":"http:\/\/www.fuldaer-nachrichten.de\/?p=164977"},"modified":"2017-06-27T22:13:56","modified_gmt":"2017-06-27T20:13:56","slug":"chronische-wunden-besser-behandeln-11-wundtag-des-klinikums-fulda-mit-dem-schwerpunkt-diabetischer-fuss","status":"publish","type":"post","link":"https:\/\/www.fuldaernachrichten.de\/?p=164977","title":{"rendered":"Chronische Wunden besser behandeln: 11. Wundtag des Klinikums Fulda mit dem Schwerpunkt \u201ediabetischer Fu\u00df\u201c"},"content":{"rendered":"<p><a href=\"http:\/\/www.fuldaer-nachrichten.de\/wp-content\/uploads\/2017\/06\/P1070261.jpg\"><img fetchpriority=\"high\" decoding=\"async\" src=\"http:\/\/www.fuldaer-nachrichten.de\/wp-content\/uploads\/2017\/06\/P1070261-265x199.jpg\" alt=\"\" width=\"265\" height=\"199\" class=\"alignleft size-thumbnail wp-image-164984\" srcset=\"https:\/\/www.fuldaernachrichten.de\/wp-content\/uploads\/2017\/06\/P1070261-265x199.jpg 265w, https:\/\/www.fuldaernachrichten.de\/wp-content\/uploads\/2017\/06\/P1070261-600x450.jpg 600w, https:\/\/www.fuldaernachrichten.de\/wp-content\/uploads\/2017\/06\/P1070261.jpg 640w\" sizes=\"(max-width: 265px) 100vw, 265px\" \/><\/a>Der 11. Wundtag des Klinikums Fulda diesmal mit dem Schwerpunktthema \u201eDiabetisches Fu\u00dfsyndrom\u201c traf auf gro\u00dfe Resonanz bei der angesprochenen Fach\u00f6ffentlichkeit. <\/p>\n<p>Der j\u00e4hrliche Wundkongress bietet \u00c4rzten und Pflegekr\u00e4fte aus dem ambulanten Bereich sowie dem Klinikum Fulda die Gelegenheit, sich zu allen Aspekten der modernen Wundversorgung fortzubilden und sich im kollegialen Gespr\u00e4ch auszutauschen. Zahlreiche Teilnehmer folgten der Einladung. Prof. Dr. rer. nat. Roland Radziwill (Direktor der Apotheke) organisiert den Wundtag in Zusammenarbeit mit Pflegedirektor Ronald  Poljak, der Pflegekoordinatorin des Klinikums Elke K\u00f6nig und dem Team der Wund-\/Stoma-\/ Inkontinenzversorgung. \u201eunser Schwerpunkt- Thema hat viele direkt angesprochen\u201c freut sich Radziwill. \u201eWichtig ist der Wissensabgleich gerade f\u00fcr die sektoren\u00fcbergreifend therapierten Patienten, d.h. am \u00dcbergang zwischen der Behandlung im Krankenhaus und der weiteren Behandlung durch den niedergelassenen Arzt. Denn nur so kann eine standardisiert und optimale Wundtherapie durchgef\u00fchrt werden\u201c, so Radziwill weiter. <\/p>\n<p>Das \u201eDiabetische Fu\u00dfsyndrom\u201c wurde in allen Facetten beleuchtet. Von den Ursachen, der Klassifizierung bis hin zur Pr\u00e4vention wurde von den Mitwirkenden aus dem Klinikum fachkundig den Besuchern eine praxisorientierte Fortbildung geboten.  Davor wurde durch den Vortrag von Dr. Marco Krenzer (Oberarzt der Medizinischen Klinik II des Klinikums Fulda) zu dem Thema \u201eDiabetes mellitus\u201c und den von Dr. Alfred Adamski (Oberarzt der Klinik f\u00fcr Orthop\u00e4die und Unfallchirurgie) mit dem Titel \u201eDas diabetische Fu\u00dfsyndrom\u201c in den Wundtag eingef\u00fchrt.  Im Anschluss wurde im Rahmen eines \u201eWund-Parcours\u201c in den Konferenzr\u00e4umen und die Industrieausstellung im Foyer des Klinikums ein breiter \u00dcberblick \u00fcber die Diagnostik und Therapie chronischer Wunden geboten. Dr. Adamski f\u00fchrte dazu in die \u201eSystematik der Ulzera beim diabetischen Fu\u00dfsyndrom\u201c ein. Ein reger Austausch zwischen den Teilnehmern und den Experten fand auch an den Informationsst\u00e4nden in der Eingangshalle statt. Der Wundtag hat sich als j\u00e4hrliche Veranstaltung des Klinikums auf diesem Gebiet fest etabliert und soll daher auch in 2018 stattfinden.<\/p>\n","protected":false},"excerpt":{"rendered":"<div class=\"tmnf_excerpt\"><p>Der 11. Wundtag des Klinikums Fulda diesmal mit dem Schwerpunktthema \u201eDiabetisches Fu\u00dfsyndrom\u201c traf auf gro\u00dfe Resonanz bei der angesprochenen Fach\u00f6ffentlichkeit. Der j\u00e4hrliche Wundkongress bietet \u00c4rzten und Pflegekr\u00e4fte aus dem ambulanten Bereich sowie dem Klinikum Fulda die Gelegenheit, sich zu allen Aspekten der modernen Wundversorgung fortzubilden und sich im kollegialen Gespr\u00e4ch auszutauschen. Zahlreiche Teilnehmer folgten der &hellip;<\/p>\n<\/div>","protected":false},"author":1,"featured_media":164983,"comment_status":"closed","ping_status":"closed","sticky":false,"template":"","format":"standard","meta":{"footnotes":""},"categories":[1],"tags":[],"class_list":["post-164977","post","type-post","status-publish","format-standard","has-post-thumbnail","hentry","category-startseite"],"_links":{"self":[{"href":"https:\/\/www.fuldaernachrichten.de\/index.php?rest_route=\/wp\/v2\/posts\/164977","targetHints":{"allow":["GET"]}}],"collection":[{"href":"https:\/\/www.fuldaernachrichten.de\/index.php?rest_route=\/wp\/v2\/posts"}],"about":[{"href":"https:\/\/www.fuldaernachrichten.de\/index.php?rest_route=\/wp\/v2\/types\/post"}],"author":[{"embeddable":true,"href":"https:\/\/www.fuldaernachrichten.de\/index.php?rest_route=\/wp\/v2\/users\/1"}],"replies":[{"embeddable":true,"href":"https:\/\/www.fuldaernachrichten.de\/index.php?rest_route=%2Fwp%2Fv2%2Fcomments&post=164977"}],"version-history":[{"count":1,"href":"https:\/\/www.fuldaernachrichten.de\/index.php?rest_route=\/wp\/v2\/posts\/164977\/revisions"}],"predecessor-version":[{"id":164985,"href":"https:\/\/www.fuldaernachrichten.de\/index.php?rest_route=\/wp\/v2\/posts\/164977\/revisions\/164985"}],"wp:featuredmedia":[{"embeddable":true,"href":"https:\/\/www.fuldaernachrichten.de\/index.php?rest_route=\/wp\/v2\/media\/164983"}],"wp:attachment":[{"href":"https:\/\/www.fuldaernachrichten.de\/index.php?rest_route=%2Fwp%2Fv2%2Fmedia&parent=164977"}],"wp:term":[{"taxonomy":"category","embeddable":true,"href":"https:\/\/www.fuldaernachrichten.de\/index.php?rest_route=%2Fwp%2Fv2%2Fcategories&post=164977"},{"taxonomy":"post_tag","embeddable":true,"href":"https:\/\/www.fuldaernachrichten.de\/index.php?rest_route=%2Fwp%2Fv2%2Ftags&post=164977"}],"curies":[{"name":"wp","href":"https:\/\/api.w.org\/{rel}","templated":true}]}}