{"id":164975,"date":"2017-06-27T22:13:23","date_gmt":"2017-06-27T20:13:23","guid":{"rendered":"http:\/\/www.fuldaer-nachrichten.de\/?p=164975"},"modified":"2017-06-27T22:13:23","modified_gmt":"2017-06-27T20:13:23","slug":"rasdorferin-ist-dienstaeltestes-mitglied-im-kreisausschuss","status":"publish","type":"post","link":"https:\/\/www.fuldaernachrichten.de\/?p=164975","title":{"rendered":"Rasdorferin ist dienst\u00e4ltestes Mitglied im Kreisausschuss"},"content":{"rendered":"<p>Sie ist bodenst\u00e4ndig, heimatverbunden, pflegt viele Kontakte und war schon in  fr\u00fchester Jugend ehrenamtlich engagiert. Seit 1993 geh\u00f6rt Rita Baier aus Rasdorf dem Kreistag und seit 2001 f\u00fcr die CWE als Kreisbeigeordnete dem Kreisausschuss des Landkreises Fulda an. Damit ist sie das dienst\u00e4lteste Kreisausschussmitglied.<\/p>\n<p>Aktiv in der katholischen Landjugendbewegung, wollte sich die 1946 in Fulda Geborene und in Gro\u00dfentaft Aufgewachsene auch nach ihrer Zeit in der katholischen Jugendarbeit f\u00fcr den Erhalt der Lebensqualit\u00e4t im l\u00e4ndlichen Raum einsetzen. F\u00fcr Rita Baier war es deshalb konsequent, dies auf kommunalpolitischer Ebene zu tun. Dabei sei ihr der christliche Glaube stets richtungsweisend gewesen und werde es weiterhin bleiben. Ebenso wichtig ist ihr, dass Frauen in den politischen Gremien pr\u00e4sent sind und ihre Vorstellungen nachhaltig vertreten.<\/p>\n<p>In der Kommunalpolitik sei nicht Ideologie gefragt, sondern Pragmatismus und Realit\u00e4tssinn. Es gehe um die L\u00f6sung von konkreten Problemen der B\u00fcrger und um ein intaktes, den Menschen gerecht werdendes Gemeinwesen, betont Rita Baier, die die gute Zusammenarbeit im Kreisausschuss und die Offenheit sch\u00e4tzt, mit der dort die anstehenden Themen behandelt w\u00fcrden. Kommunalpolitik werde immer vielf\u00e4ltiger, umfangreicher und komplexer, und es erfordere viel Zeit und die Bereitschaft, sich st\u00e4ndig mit Neuem zu besch\u00e4ftigen. <\/p>\n<p>Seit ihrer Heirat mit Joseph Baier im Jahr 1967 lebt sie in Rasdorf. Beide konnten Ende April Goldene Hochzeit feiern. Aus der Ehe gingen ein Sohn und eine Tochter hervor, und Rita Baier erfreut sich an den Enkelkindern. Sie ist Mitglied im Landfrauenverein Leibolz, in der Trachtenkapelle Gro\u00dfentaft und in der Katholischen Frauengemeinschaft, engagiert sich f\u00fcr die Brasilienhilfe und die Freiwillige Feuerwehr Rasdorf. Auch geh\u00f6rt sie dem Kuratorium der St.-Ulrichstiftung H\u00fcnfeld und dem Anh\u00f6rungsausschuss des Landkreises an.<\/p>\n<p>Die Vielfalt spiegelt ihre Vita wieder. Zun\u00e4chst lernte sie Hauswirtschafterin und arbeitete im landwirtschaftlichen Betrieb der Eltern. Nach der Heirat machte sie eine Ausbildung zur B\u00fcrokauffrau und erweiterte ihr Wissen zur Betriebswirtin IHK. Neben Kommunalpolitik waren ihr Kirche, Schule und Recht, zum Beispiel als Sch\u00f6ffin in der Strafkammer Fulda und beim Verwaltungsgericht Kassel, wichtig. Sie hat sich als Elternbeiratsvorsitzende der Hrabanusschule engagiert und die beruflichen Schulen im Landes- und Bundeselternbeirat vertreten.<\/p>\n<p>Ob sie bei allem Tun noch Zeit f\u00fcr andere Hobbys habe, quittiert sie mit einem herzlichen Lachen. Sieht man von der Familie ab, so liebt sie Blumen, die Haus und Garten schm\u00fccken, widmet sich der Ahnenforschung und pflegt die heimische Mundart. Sie ist passionierte J\u00e4gerin, besitzt seit 1974 den Jagdschein und hat ein Jahr sp\u00e4ter die Sportfischerpr\u00fcfung abgelegt. Auf die Frage nach ihrem Wunsch f\u00fcr die Zukunft antwortet sie: \u201eDie n\u00e4chste Generation m\u00f6ge bereit und in der Lage sein, Verantwortung f\u00fcreinander zu \u00fcbernehmen.\u201c <\/p>\n","protected":false},"excerpt":{"rendered":"<div class=\"tmnf_excerpt\"><p>Sie ist bodenst\u00e4ndig, heimatverbunden, pflegt viele Kontakte und war schon in fr\u00fchester Jugend ehrenamtlich engagiert. Seit 1993 geh\u00f6rt Rita Baier aus Rasdorf dem Kreistag und seit 2001 f\u00fcr die CWE als Kreisbeigeordnete dem Kreisausschuss des Landkreises Fulda an. Damit ist sie das dienst\u00e4lteste Kreisausschussmitglied. Aktiv in der katholischen Landjugendbewegung, wollte sich die 1946 in Fulda &hellip;<\/p>\n<\/div>","protected":false},"author":1,"featured_media":164980,"comment_status":"closed","ping_status":"closed","sticky":false,"template":"","format":"standard","meta":{"footnotes":""},"categories":[1],"tags":[],"class_list":["post-164975","post","type-post","status-publish","format-standard","has-post-thumbnail","hentry","category-startseite"],"_links":{"self":[{"href":"https:\/\/www.fuldaernachrichten.de\/index.php?rest_route=\/wp\/v2\/posts\/164975","targetHints":{"allow":["GET"]}}],"collection":[{"href":"https:\/\/www.fuldaernachrichten.de\/index.php?rest_route=\/wp\/v2\/posts"}],"about":[{"href":"https:\/\/www.fuldaernachrichten.de\/index.php?rest_route=\/wp\/v2\/types\/post"}],"author":[{"embeddable":true,"href":"https:\/\/www.fuldaernachrichten.de\/index.php?rest_route=\/wp\/v2\/users\/1"}],"replies":[{"embeddable":true,"href":"https:\/\/www.fuldaernachrichten.de\/index.php?rest_route=%2Fwp%2Fv2%2Fcomments&post=164975"}],"version-history":[{"count":1,"href":"https:\/\/www.fuldaernachrichten.de\/index.php?rest_route=\/wp\/v2\/posts\/164975\/revisions"}],"predecessor-version":[{"id":164981,"href":"https:\/\/www.fuldaernachrichten.de\/index.php?rest_route=\/wp\/v2\/posts\/164975\/revisions\/164981"}],"wp:featuredmedia":[{"embeddable":true,"href":"https:\/\/www.fuldaernachrichten.de\/index.php?rest_route=\/wp\/v2\/media\/164980"}],"wp:attachment":[{"href":"https:\/\/www.fuldaernachrichten.de\/index.php?rest_route=%2Fwp%2Fv2%2Fmedia&parent=164975"}],"wp:term":[{"taxonomy":"category","embeddable":true,"href":"https:\/\/www.fuldaernachrichten.de\/index.php?rest_route=%2Fwp%2Fv2%2Fcategories&post=164975"},{"taxonomy":"post_tag","embeddable":true,"href":"https:\/\/www.fuldaernachrichten.de\/index.php?rest_route=%2Fwp%2Fv2%2Ftags&post=164975"}],"curies":[{"name":"wp","href":"https:\/\/api.w.org\/{rel}","templated":true}]}}