{"id":164974,"date":"2017-06-27T22:12:51","date_gmt":"2017-06-27T20:12:51","guid":{"rendered":"http:\/\/www.fuldaer-nachrichten.de\/?p=164974"},"modified":"2017-06-27T22:12:51","modified_gmt":"2017-06-27T20:12:51","slug":"jugendfeuerwehren-aus-petersberg-und-eiterfeld-beim-bundeswettbewerb","status":"publish","type":"post","link":"https:\/\/www.fuldaernachrichten.de\/?p=164974","title":{"rendered":"Jugendfeuerwehren aus Petersberg und Eiterfeld beim Bundeswettbewerb"},"content":{"rendered":"<p>Um dauerhaft Nachwuchs f\u00fcr ihre Einsatzabteilungen zu gewinnen, m\u00fcssen die Feuerwehren verst\u00e4rkt Kinder und Jugendliche ansprechen. Zu den motivierenden Ma\u00dfnahmen geh\u00f6rt die Teilnahme an Wettk\u00e4mpfen, der denen der erreichte Leistungsstand unter Beweis gestellt wird. <\/p>\n<p>Auch der Landkreis Fulda m\u00f6chte einen Beitrag leisten und unterst\u00fctzt deshalb auf Vorschlag des Ersten Kreisbeigeordneten Frederik Schmitt die Jugendfeuerwehren aus Petersberg-Steinau und Eiterfeld-Leimbach\/Betzenrod, die sich durch eine erfolgreiche Teilnahme an den Wettbewerben auf Kreis- und Landesebene f\u00fcr den Bundeswettbewerb der deutschen Jugendfeuerwehren in Berlin qualifiziert haben, mit einem Zuschuss aus der Ehrenamtsstiftung. Die Teilnahme ist f\u00fcr die Jugendfeuerwehren mit erheblichen Kosten f\u00fcr Fahrt, Verpflegung und Unterkunft verbunden.<\/p>\n<p>Der Bundeswettbewerb dient der feuerwehrtechnischen Ausbildung und besteht aus zwei Teilen. Im A-Teil sollen die Teilnehmer einen L\u00f6schangriff mit drei Stahlrohren als Trocken\u00fcbung durchf\u00fchren. Anschlie\u00dfend m\u00fcssen sie vier Knoten und Stiche so schnell wie m\u00f6glich richtig kn\u00fcpfen. Beim B-Teil handelt es sich um einen 400-Meter-Staffellauf mit einigen Hindernissen, die es zu \u00fcberwinden gilt. Hierbei muss jeder Teilnehmer eine andere Aufgabe meistern. Die Bewertung erfolgt nach Punkten, die f\u00fcr Geschwindigkeit und korrekte Ausf\u00fchrung vergeben werden.<\/p>\n","protected":false},"excerpt":{"rendered":"<div class=\"tmnf_excerpt\"><p>Um dauerhaft Nachwuchs f\u00fcr ihre Einsatzabteilungen zu gewinnen, m\u00fcssen die Feuerwehren verst\u00e4rkt Kinder und Jugendliche ansprechen. Zu den motivierenden Ma\u00dfnahmen geh\u00f6rt die Teilnahme an Wettk\u00e4mpfen, der denen der erreichte Leistungsstand unter Beweis gestellt wird. Auch der Landkreis Fulda m\u00f6chte einen Beitrag leisten und unterst\u00fctzt deshalb auf Vorschlag des Ersten Kreisbeigeordneten Frederik Schmitt die Jugendfeuerwehren aus &hellip;<\/p>\n<\/div>","protected":false},"author":1,"featured_media":0,"comment_status":"closed","ping_status":"closed","sticky":false,"template":"","format":"standard","meta":{"footnotes":""},"categories":[1],"tags":[],"class_list":["post-164974","post","type-post","status-publish","format-standard","hentry","category-startseite"],"_links":{"self":[{"href":"https:\/\/www.fuldaernachrichten.de\/index.php?rest_route=\/wp\/v2\/posts\/164974","targetHints":{"allow":["GET"]}}],"collection":[{"href":"https:\/\/www.fuldaernachrichten.de\/index.php?rest_route=\/wp\/v2\/posts"}],"about":[{"href":"https:\/\/www.fuldaernachrichten.de\/index.php?rest_route=\/wp\/v2\/types\/post"}],"author":[{"embeddable":true,"href":"https:\/\/www.fuldaernachrichten.de\/index.php?rest_route=\/wp\/v2\/users\/1"}],"replies":[{"embeddable":true,"href":"https:\/\/www.fuldaernachrichten.de\/index.php?rest_route=%2Fwp%2Fv2%2Fcomments&post=164974"}],"version-history":[{"count":1,"href":"https:\/\/www.fuldaernachrichten.de\/index.php?rest_route=\/wp\/v2\/posts\/164974\/revisions"}],"predecessor-version":[{"id":164978,"href":"https:\/\/www.fuldaernachrichten.de\/index.php?rest_route=\/wp\/v2\/posts\/164974\/revisions\/164978"}],"wp:attachment":[{"href":"https:\/\/www.fuldaernachrichten.de\/index.php?rest_route=%2Fwp%2Fv2%2Fmedia&parent=164974"}],"wp:term":[{"taxonomy":"category","embeddable":true,"href":"https:\/\/www.fuldaernachrichten.de\/index.php?rest_route=%2Fwp%2Fv2%2Fcategories&post=164974"},{"taxonomy":"post_tag","embeddable":true,"href":"https:\/\/www.fuldaernachrichten.de\/index.php?rest_route=%2Fwp%2Fv2%2Ftags&post=164974"}],"curies":[{"name":"wp","href":"https:\/\/api.w.org\/{rel}","templated":true}]}}