{"id":164968,"date":"2017-06-27T22:12:21","date_gmt":"2017-06-27T20:12:21","guid":{"rendered":"http:\/\/www.fuldaer-nachrichten.de\/?p=164968"},"modified":"2017-06-27T22:12:21","modified_gmt":"2017-06-27T20:12:21","slug":"orgelmatinee-mit-stefano-bertuletti-am-8-juli-um-12-05-uhr-im-fuldaer-dom","status":"publish","type":"post","link":"https:\/\/www.fuldaernachrichten.de\/?p=164968","title":{"rendered":"Orgelmatinee mit Stefano Bertuletti am 8. Juli um 12.05 Uhr im Fuldaer Dom"},"content":{"rendered":"<p>Die Orgelmatinee im Fuldaer Dom am 8. Juli, wie gewohnt samstags 12.05 bis 12.35 Uhr, wird von dem Italiener Stefano Bertuletti gestaltet. Bertuletti hat ein italienisch-franz\u00f6sisches Programm zusammengestellt, wobei franz\u00f6sisch im erweiterten Sinne zu verstehen ist, weil der Komponist des abschlie\u00dfenden St\u00fcckes im franz\u00f6sisch-sprachigen Teil von Kanada beheimatet ist. Ansonsten sind Alexandre Guilmant mit seiner 3. Sonate und Louis Vierne mit einer Communion vertreten. Die italienische Seite des Programmes wird mit einem noch lebenden Komponisten, 1972 geboren, gef\u00fcllt, der sich mit dem Lied \u201eTantum ergo sacramentum\u201c besch\u00e4ftigt. Dies schlie\u00dft sich gut an das noch nicht lange zur\u00fcckliegende Fronleichnamsfest an.<\/p>\n","protected":false},"excerpt":{"rendered":"<div class=\"tmnf_excerpt\"><p>Die Orgelmatinee im Fuldaer Dom am 8. Juli, wie gewohnt samstags 12.05 bis 12.35 Uhr, wird von dem Italiener Stefano Bertuletti gestaltet. Bertuletti hat ein italienisch-franz\u00f6sisches Programm zusammengestellt, wobei franz\u00f6sisch im erweiterten Sinne zu verstehen ist, weil der Komponist des abschlie\u00dfenden St\u00fcckes im franz\u00f6sisch-sprachigen Teil von Kanada beheimatet ist. Ansonsten sind Alexandre Guilmant mit seiner &hellip;<\/p>\n<\/div>","protected":false},"author":1,"featured_media":164971,"comment_status":"closed","ping_status":"closed","sticky":false,"template":"","format":"standard","meta":{"footnotes":""},"categories":[1],"tags":[],"class_list":["post-164968","post","type-post","status-publish","format-standard","has-post-thumbnail","hentry","category-startseite"],"_links":{"self":[{"href":"https:\/\/www.fuldaernachrichten.de\/index.php?rest_route=\/wp\/v2\/posts\/164968","targetHints":{"allow":["GET"]}}],"collection":[{"href":"https:\/\/www.fuldaernachrichten.de\/index.php?rest_route=\/wp\/v2\/posts"}],"about":[{"href":"https:\/\/www.fuldaernachrichten.de\/index.php?rest_route=\/wp\/v2\/types\/post"}],"author":[{"embeddable":true,"href":"https:\/\/www.fuldaernachrichten.de\/index.php?rest_route=\/wp\/v2\/users\/1"}],"replies":[{"embeddable":true,"href":"https:\/\/www.fuldaernachrichten.de\/index.php?rest_route=%2Fwp%2Fv2%2Fcomments&post=164968"}],"version-history":[{"count":1,"href":"https:\/\/www.fuldaernachrichten.de\/index.php?rest_route=\/wp\/v2\/posts\/164968\/revisions"}],"predecessor-version":[{"id":164972,"href":"https:\/\/www.fuldaernachrichten.de\/index.php?rest_route=\/wp\/v2\/posts\/164968\/revisions\/164972"}],"wp:featuredmedia":[{"embeddable":true,"href":"https:\/\/www.fuldaernachrichten.de\/index.php?rest_route=\/wp\/v2\/media\/164971"}],"wp:attachment":[{"href":"https:\/\/www.fuldaernachrichten.de\/index.php?rest_route=%2Fwp%2Fv2%2Fmedia&parent=164968"}],"wp:term":[{"taxonomy":"category","embeddable":true,"href":"https:\/\/www.fuldaernachrichten.de\/index.php?rest_route=%2Fwp%2Fv2%2Fcategories&post=164968"},{"taxonomy":"post_tag","embeddable":true,"href":"https:\/\/www.fuldaernachrichten.de\/index.php?rest_route=%2Fwp%2Fv2%2Ftags&post=164968"}],"curies":[{"name":"wp","href":"https:\/\/api.w.org\/{rel}","templated":true}]}}