{"id":164960,"date":"2017-06-27T22:10:43","date_gmt":"2017-06-27T20:10:43","guid":{"rendered":"http:\/\/www.fuldaer-nachrichten.de\/?p=164960"},"modified":"2017-06-27T22:10:43","modified_gmt":"2017-06-27T20:10:43","slug":"foto-wettbewerb-zum-tag-der-offenen-gaerten","status":"publish","type":"post","link":"https:\/\/www.fuldaernachrichten.de\/?p=164960","title":{"rendered":"Foto-Wettbewerb zum Tag der offenen G\u00e4rten"},"content":{"rendered":"<p>Der \u201eTag der offenen G\u00e4rten\u201c, der in der Stadtregion Fulda in diesem Jahr zum elften Mal stattfindet, hat seinen Schwerpunkt immer im j\u00e4hrlichen Wechsel zwischen der Pr\u00e4sentation privater Gartenparadiese und \u00f6ffentlicher Gr\u00fcn-Oasen. In diesem Jahr stehen wieder die Privatg\u00e4rten im Blickpunkt (am Sonntag, 2. Juli). Das Leitthema lautet diesmal \u201eFormen und Figuren\u201c. Die Stadt Fulda veranstaltet zu diesem Tag einen Foto-Wettbewerb: Gesucht werden Schnappsch\u00fcsse und Fotokunstwerke aus den beteiligten Privatg\u00e4rten, die das Thema \u201eFormen und Figuren\u201c widerspiegeln.   <\/p>\n<p>Das kann beispielsweise eine Anordnung von Formgeh\u00f6lzen im Garten sein, ein Brunnenbecken, in dem Kinder spielen oder besonders sch\u00f6ne Bl\u00fctenformen. \u201eFormen und Figuren\u201c hat an sich jeder Garten, nur verschieden ausgepr\u00e4gt: Spaliere und Pergolen, Muster in Beeten oder Blumenarrangements, in den Rasen gem\u00e4hte Muster oder Vasen, Sandsteinfiguren, und Gartenzwerge, Skulpturen und auch moderne Kunstwerke. Zu Formen sind unbedingt auch Pflanzensammlungen mit ihren unterschiedlichen Erscheinungsformen zu z\u00e4hlen, etwa Funkien oder Rosen oder die Gestaltung vom Bonsais. Die Aufgabe f\u00fcr die Fotografen ist es, diese Formen und Figuren zu entdecken und m\u00f6glichst originell abzulichten. <\/p>\n<p>Und nat\u00fcrlich gibt es bei dem Fotowettbewerb auch etwas zu gewinnen: Die drei besten Einsendung werden mit <\/p>\n<p>\u00e2\u20ac\u00a8\u00e2\u20ac\u00a2 einem Buchgutschein f\u00fcr den Klosterladen der Abtei Hl. Maria Fulda im Wert von 50 Euro \u00e2\u20ac\u00a8<br \/>\n\u00e2\u20ac\u00a2 einem kleinen Formgeh\u00f6lz oder einer K\u00fcbelpflanze der Fa. Neuhann Floristik im Wert von 50 Euro und einem\u00e2\u20ac\u00a8<br \/>\n\u00e2\u20ac\u00a2 Obstbaum oder Rosenhochst\u00e4mmchen von der Baumschule Leinweber im von 50 Euro pr\u00e4miert. <\/p>\n<p>Wer teilnehmen will, sendet sein Foto beziehungsweise seine favorisierten Fotos vom Tag der offenen Privatg\u00e4rten bis zum 18. Juli in digitaler Form an die E-Mail-Adresse gewinnspiel@fulda.de. Die Jury freut sich auf zahlreiche Einsendungen. Die Teilnehmer erkl\u00e4ren sich bereit, dass die Siegerfotos in der Presse ver\u00f6ffentlicht werden k\u00f6nnen.<br \/>\nDer besondere Dank der Organisatoren gilt allen Gartenbesitzern und ihren Familien f\u00fcr die Bereitschaft, ihre privaten G\u00e4rten der \u00d6ffentlichkeit zu zeigen. Besucher der \u201eOffenen G\u00e4rten\u201c werden gebeten, sich r\u00fccksichtsvoll zu verhalten \u2013 wie in den Jahren zuvor. In einigen G\u00e4rten sind zus\u00e4tzlich Figuren und Aktionen von K\u00fcnstlern anzutreffen.<br \/>\nHier noch einmal das Programm vom 2. Juli:<br \/>\nDie beteiligten Privatg\u00e4rten am Sonntag, 2. Juli\u00e2\u20ac\u00a8(ge\u00f6ffnet von 12 bis 17 Uhr \u2013 Eintritt frei)<\/p>\n<p>Fulda<br \/>\n&#8211; K\u00fcrassierstra\u00dfe 9 (Stadtteil Harmerz): Garten mit Wasserlauf <\/p>\n<p>&#8211; K\u00fcrassierstra\u00dfe 11 (Stadtteil Harmerz): Sichtachsen und gestufter Hang<br \/>\n14 bis 16 Uhr: Der K\u00fcnstler Valentin Gerstberger macht mit seiner Frottagetechnik Unsichtbares sichtbar.<br \/>\nAb 16 Uhr: Ausstellung im Garten<\/p>\n<p>&#8211; Emil-Nolde-Allee 65 (Fulda-Galerie): Kompakter, feiner Stadthausgarten. <\/p>\n<p>&#8211; Oskar-Schlemmer-Stra\u00dfe 8 (Fulda-Galerie): Fantasie im Familiengarten. <\/p>\n<p>&#8211; Oskar-Schlemmer-Stra\u00dfe 10 (Fulda-Galerie): Formgeh\u00f6lze und Holzformen <\/p>\n<p>&#8211; Am Haimberg 1 (Fulda-Rodges): Hingucker im kleinen Familienpark. <\/p>\n<p>&#8211; Von-Stauffenberg-Stra\u00dfe (Ziehers-Nord): Wohngarten in Wei\u00df <\/p>\n<p>&#8211; Letterhausstra\u00dfe 6 (Ziehers-Nord): Stadthausgarten zum Wohlf\u00fchlen<\/p>\n<p>&#8211; Huberstra\u00dfe 3 (Ziehers-Nord): Wohngarten mit Nutzpflanzencarr\u00e9e <\/p>\n<p>&#8211; Weinberg am Frauenberg 12 bis 18 Uhr: Infos zur Weinkultur, Kostproben vom Fuldaer Wein und Musik bietet der Fuldaer Weinkonvent an. <\/p>\n<p>&#8211; Ellerstra\u00dfe 8 (Fa. Hartmann und Sohn, Fulda): Schwimmteich &#038; Sandsteinwerkst\u00fccke <\/p>\n<p>&#8211; Pater-Notker-Stra\u00dfe 19 (Bronnzell): Viele Funkien und gro\u00dfe Rasenspirale <\/p>\n<p>&#8211; Schlachthausgasse 11 (n\u00e4he Peterstor, Fulda): Stadtmauergarten mit Schmiedekunst. Getr\u00e4nke &#038; Musik, Ausstellung im Kutscherhaus. kunstschmiede-bernhardt.de<\/p>\n<p>Petersberg<br \/>\n&#8211; Philipp-Engel-Stra\u00dfe 34 (Almendorf): Naturgarten f\u00fcr alle Sinne &#038; Bienen Inspiration f\u00fcr kreatives Schaffen: Marthas Tanzhaus.<br \/>\n13 und 17 Uhr: Buchvorstellung \u201eWeisheit des Gartens\u201c, B\u00e4rbel M. Peschl<\/p>\n<p>&#8211; Am Striedel 40 (Steinau): Skulpturengarten &#038; Spuren der Zeit. Figuren aus Metall von Alexander Litwinow<\/p>\n<p>&#8211; An der Liede 11 (nahe Rauschenberg): Waldhang-Garten mit Himmelsleiter <\/p>\n<p>K\u00fcnzell<br \/>\n&#8211; Schulstra\u00dfe 1 (Bachrain): Kleiner, wohnlicher Pfarrgarten <\/p>\n<p>&#8211; Gartenstra\u00dfe 16 (n\u00e4he Klinikum): Wohngarten mit eleganter Voliere <\/p>\n<p>&#8211; Gartengrundst\u00fcck am Tannenweg (Zugang gegen\u00fcber Harbacher Weg 46, n\u00e4he \u201eSieben Welten\u201c): Hanggarten mit H\u00fcgelbeetkultur <\/p>\n<p>&#8211; Dipperzer Stra\u00dfe 11 (Wissels): Atmosph\u00e4rischer Familiengarten<br \/>\n12.30, 14 und 15.30 Uhr: Heil- und K\u00fcchenkr\u00e4uter-Spaziergang im Garten<\/p>\n<p>Die Organisation des \u201eTags der offenen G\u00e4rten\u201c liegt beim Gr\u00fcnfl\u00e4chen-, Umwelt- und Friedhofsamt der Stadt Fulda in Zusammenarbeit mit den Gemeinden Eichenzell, K\u00fcnzell und Petersberg sowie dem Planungsb\u00fcro gartissimo.<\/p>\n","protected":false},"excerpt":{"rendered":"<div class=\"tmnf_excerpt\"><p>Der \u201eTag der offenen G\u00e4rten\u201c, der in der Stadtregion Fulda in diesem Jahr zum elften Mal stattfindet, hat seinen Schwerpunkt immer im j\u00e4hrlichen Wechsel zwischen der Pr\u00e4sentation privater Gartenparadiese und \u00f6ffentlicher Gr\u00fcn-Oasen. In diesem Jahr stehen wieder die Privatg\u00e4rten im Blickpunkt (am Sonntag, 2. Juli). Das Leitthema lautet diesmal \u201eFormen und Figuren\u201c. Die Stadt Fulda &hellip;<\/p>\n<\/div>","protected":false},"author":1,"featured_media":164961,"comment_status":"closed","ping_status":"closed","sticky":false,"template":"","format":"gallery","meta":{"footnotes":""},"categories":[1],"tags":[],"class_list":["post-164960","post","type-post","status-publish","format-gallery","has-post-thumbnail","hentry","category-startseite","post_format-post-format-gallery"],"_links":{"self":[{"href":"https:\/\/www.fuldaernachrichten.de\/index.php?rest_route=\/wp\/v2\/posts\/164960","targetHints":{"allow":["GET"]}}],"collection":[{"href":"https:\/\/www.fuldaernachrichten.de\/index.php?rest_route=\/wp\/v2\/posts"}],"about":[{"href":"https:\/\/www.fuldaernachrichten.de\/index.php?rest_route=\/wp\/v2\/types\/post"}],"author":[{"embeddable":true,"href":"https:\/\/www.fuldaernachrichten.de\/index.php?rest_route=\/wp\/v2\/users\/1"}],"replies":[{"embeddable":true,"href":"https:\/\/www.fuldaernachrichten.de\/index.php?rest_route=%2Fwp%2Fv2%2Fcomments&post=164960"}],"version-history":[{"count":1,"href":"https:\/\/www.fuldaernachrichten.de\/index.php?rest_route=\/wp\/v2\/posts\/164960\/revisions"}],"predecessor-version":[{"id":164965,"href":"https:\/\/www.fuldaernachrichten.de\/index.php?rest_route=\/wp\/v2\/posts\/164960\/revisions\/164965"}],"wp:featuredmedia":[{"embeddable":true,"href":"https:\/\/www.fuldaernachrichten.de\/index.php?rest_route=\/wp\/v2\/media\/164961"}],"wp:attachment":[{"href":"https:\/\/www.fuldaernachrichten.de\/index.php?rest_route=%2Fwp%2Fv2%2Fmedia&parent=164960"}],"wp:term":[{"taxonomy":"category","embeddable":true,"href":"https:\/\/www.fuldaernachrichten.de\/index.php?rest_route=%2Fwp%2Fv2%2Fcategories&post=164960"},{"taxonomy":"post_tag","embeddable":true,"href":"https:\/\/www.fuldaernachrichten.de\/index.php?rest_route=%2Fwp%2Fv2%2Ftags&post=164960"}],"curies":[{"name":"wp","href":"https:\/\/api.w.org\/{rel}","templated":true}]}}