{"id":164956,"date":"2017-06-27T22:11:14","date_gmt":"2017-06-27T20:11:14","guid":{"rendered":"http:\/\/www.fuldaer-nachrichten.de\/?p=164956"},"modified":"2017-06-27T22:11:14","modified_gmt":"2017-06-27T20:11:14","slug":"14-neue-malteser-schulsanitaeter-an-der-fuldaer-bardoschule","status":"publish","type":"post","link":"https:\/\/www.fuldaernachrichten.de\/?p=164956","title":{"rendered":"14 neue Malteser Schulsanit\u00e4ter an der Fuldaer Bardoschule"},"content":{"rendered":"<p>Die Bardoschule Fulda konnte jetzt 14 neue Malteser-Schulsanit\u00e4ter in Dienst nehmen. Ihre Ernennungsurkunden erhielten die Siebtkl\u00e4sser aus dem Haupt- und  Realschulzweig von der Malteser-Referentin f\u00fcr den Schulsanit\u00e4tsdienst, Brigitta Br\u00e4hler-Fischer. Im vergangenen Schuljahr hatten die jungen Leute an jedem Freitag in der 6. und 7. Stunde im Wahlpflichtfach \u201eSchulsanit\u00e4tsdienst\u201c bei Ausbilderin Isabell Bott gelernt, wie im Notfall schnell und effizient geholfen werden kann. Im Rahmen ihrer Ausbildung besuchten sie auch die Rettmobil. Jetzt sind die Jugendlichen fit, den Sanit\u00e4tsdienst w\u00e4hrend des Unterrichtes, der Pausen und bei Schulveranstaltungen zu \u00fcbernehmen. <\/p>\n<p>Anerkennung f\u00fcr das Ehrenamt gab es von Carina Sauerwein, der Mitarbeiterin der VRGenossenschaftsbank Fulda, die die Ausbildung mit Spenden unterst\u00fctzt, und von Konrektor Matthias Hansche, der die Schulsanit\u00e4ter betreut. Weitere Infos zu den Maltesern und zum Schulsanit\u00e4tsdienst gibt es bei Brigitta Br\u00e4hler Fischer (Telefon 0661-8697724) oder per Mail: brigitta.braehler-fischer@malteser.org.<\/p>\n<p>Foto: 14 Malteser-Schulsanit\u00e4ter der Bardoschule erhielten ihre Ernennungsurkunden. Es gratulierten (4. von links) Carina Sauerwein von der VRGenossenschaftsbank Fulda, Malteser-Referentin Brigitta Br\u00e4hler-Fischer, Konrektor Matthias Hansche und Ausbilderin Isabell Bott.<\/p>\n","protected":false},"excerpt":{"rendered":"<div class=\"tmnf_excerpt\"><p>Die Bardoschule Fulda konnte jetzt 14 neue Malteser-Schulsanit\u00e4ter in Dienst nehmen. Ihre Ernennungsurkunden erhielten die Siebtkl\u00e4sser aus dem Haupt- und Realschulzweig von der Malteser-Referentin f\u00fcr den Schulsanit\u00e4tsdienst, Brigitta Br\u00e4hler-Fischer. Im vergangenen Schuljahr hatten die jungen Leute an jedem Freitag in der 6. und 7. Stunde im Wahlpflichtfach \u201eSchulsanit\u00e4tsdienst\u201c bei Ausbilderin Isabell Bott gelernt, wie im &hellip;<\/p>\n<\/div>","protected":false},"author":1,"featured_media":164966,"comment_status":"closed","ping_status":"closed","sticky":false,"template":"","format":"standard","meta":{"footnotes":""},"categories":[1],"tags":[],"class_list":["post-164956","post","type-post","status-publish","format-standard","has-post-thumbnail","hentry","category-startseite"],"_links":{"self":[{"href":"https:\/\/www.fuldaernachrichten.de\/index.php?rest_route=\/wp\/v2\/posts\/164956","targetHints":{"allow":["GET"]}}],"collection":[{"href":"https:\/\/www.fuldaernachrichten.de\/index.php?rest_route=\/wp\/v2\/posts"}],"about":[{"href":"https:\/\/www.fuldaernachrichten.de\/index.php?rest_route=\/wp\/v2\/types\/post"}],"author":[{"embeddable":true,"href":"https:\/\/www.fuldaernachrichten.de\/index.php?rest_route=\/wp\/v2\/users\/1"}],"replies":[{"embeddable":true,"href":"https:\/\/www.fuldaernachrichten.de\/index.php?rest_route=%2Fwp%2Fv2%2Fcomments&post=164956"}],"version-history":[{"count":1,"href":"https:\/\/www.fuldaernachrichten.de\/index.php?rest_route=\/wp\/v2\/posts\/164956\/revisions"}],"predecessor-version":[{"id":164967,"href":"https:\/\/www.fuldaernachrichten.de\/index.php?rest_route=\/wp\/v2\/posts\/164956\/revisions\/164967"}],"wp:featuredmedia":[{"embeddable":true,"href":"https:\/\/www.fuldaernachrichten.de\/index.php?rest_route=\/wp\/v2\/media\/164966"}],"wp:attachment":[{"href":"https:\/\/www.fuldaernachrichten.de\/index.php?rest_route=%2Fwp%2Fv2%2Fmedia&parent=164956"}],"wp:term":[{"taxonomy":"category","embeddable":true,"href":"https:\/\/www.fuldaernachrichten.de\/index.php?rest_route=%2Fwp%2Fv2%2Fcategories&post=164956"},{"taxonomy":"post_tag","embeddable":true,"href":"https:\/\/www.fuldaernachrichten.de\/index.php?rest_route=%2Fwp%2Fv2%2Ftags&post=164956"}],"curies":[{"name":"wp","href":"https:\/\/api.w.org\/{rel}","templated":true}]}}