{"id":164941,"date":"2017-06-26T09:39:45","date_gmt":"2017-06-26T07:39:45","guid":{"rendered":"http:\/\/www.fuldaer-nachrichten.de\/?p=164941"},"modified":"2017-06-26T09:39:45","modified_gmt":"2017-06-26T07:39:45","slug":"reformatorische-thesen-tuer-vor-der-christuskirche-mitmachaktion-zur-vergegenwaertigung-von-luthers-thesenanschlag","status":"publish","type":"post","link":"https:\/\/www.fuldaernachrichten.de\/?p=164941","title":{"rendered":"Reformatorische Thesen-T\u00fcr vor der Christuskirche &#8211; Mitmachaktion zur Vergegenw\u00e4rtigung von Luthers Thesenanschlag"},"content":{"rendered":"<p>Vor der Christuskirche in Fulda steht seit kurzem eine gro\u00dfe T\u00fcr. Sie soll an den Thesenanschlag Martin Luthers an die Wittenberger Schlosskirche erinnern und sie l\u00e4dt ein, selbst Thesen \u00fcber Glauben und Kirche zu formulieren.<\/p>\n<p>Historiker zweifeln zwar, dass dieser legend\u00e4re Thesenanschlag sich so oder \u00e4hnlich ereignet hat. Die Symbolkraft jedoch, die davon ausgeht und die uns ein gro\u00dfes Ereignis fassbar macht, n\u00e4mlich den Beginn einer neuen Zeit der Bewegung und des Aufbruchs, der Auseinandersetzung mit Gott, bleibt.<\/p>\n<p>\u00c2\u00abAlte Thesen neu gelesen\u00c2\u00bb lautet das Motto des Wettbewerbs, mit dem die Evangelische Kirche von Kurhessen-Waldeck in ihren Gemeinden nachhaltige Projekte zur Reformation angesto\u00dfen hat. Auch die evangelische Christuskirche Fulda hat an dem Wettbewerb teilgenommen und stellt jetzt ihr Mitmach-Projekt vor. Auf dem Weg zum Hauptportal ist eine T\u00fcr aufgestellt, die bewusst \u201eim Weg\u201c steht, daneben ein Briefkasten. Die Assoziation mit Luthers Thesenanschlag am Tor der Schlosskirche zu Wittenberg sei gewollt. Besucher werden aufgefordert innezuhalten, sich Gedanken \u00fcber den Glauben und die Kirche zu machen, selbst Thesen zu formulieren und sich so auch 500 Jahre nach Beginn der Reformation mit ihren Wirkungen auseinander zu setzen. Jeder ist eingeladen, seinen eigenen Beitrag zur Reformation heute zu leisten. Die Thesen-T\u00fcr soll noch w\u00e4hrend des gesamten Jubil\u00e4umsjahres aufgebaut bleiben. Die Texte sollen im Briefkasten gesammelt und anschlie\u00dfend auf der Homepage der Christuskirche ver\u00f6ffentlicht werden.<\/p>\n","protected":false},"excerpt":{"rendered":"<div class=\"tmnf_excerpt\"><p>Vor der Christuskirche in Fulda steht seit kurzem eine gro\u00dfe T\u00fcr. Sie soll an den Thesenanschlag Martin Luthers an die Wittenberger Schlosskirche erinnern und sie l\u00e4dt ein, selbst Thesen \u00fcber Glauben und Kirche zu formulieren. Historiker zweifeln zwar, dass dieser legend\u00e4re Thesenanschlag sich so oder \u00e4hnlich ereignet hat. Die Symbolkraft jedoch, die davon ausgeht und &hellip;<\/p>\n<\/div>","protected":false},"author":1,"featured_media":164947,"comment_status":"closed","ping_status":"closed","sticky":false,"template":"","format":"standard","meta":{"footnotes":""},"categories":[1],"tags":[],"class_list":["post-164941","post","type-post","status-publish","format-standard","has-post-thumbnail","hentry","category-startseite"],"_links":{"self":[{"href":"https:\/\/www.fuldaernachrichten.de\/index.php?rest_route=\/wp\/v2\/posts\/164941","targetHints":{"allow":["GET"]}}],"collection":[{"href":"https:\/\/www.fuldaernachrichten.de\/index.php?rest_route=\/wp\/v2\/posts"}],"about":[{"href":"https:\/\/www.fuldaernachrichten.de\/index.php?rest_route=\/wp\/v2\/types\/post"}],"author":[{"embeddable":true,"href":"https:\/\/www.fuldaernachrichten.de\/index.php?rest_route=\/wp\/v2\/users\/1"}],"replies":[{"embeddable":true,"href":"https:\/\/www.fuldaernachrichten.de\/index.php?rest_route=%2Fwp%2Fv2%2Fcomments&post=164941"}],"version-history":[{"count":1,"href":"https:\/\/www.fuldaernachrichten.de\/index.php?rest_route=\/wp\/v2\/posts\/164941\/revisions"}],"predecessor-version":[{"id":164948,"href":"https:\/\/www.fuldaernachrichten.de\/index.php?rest_route=\/wp\/v2\/posts\/164941\/revisions\/164948"}],"wp:featuredmedia":[{"embeddable":true,"href":"https:\/\/www.fuldaernachrichten.de\/index.php?rest_route=\/wp\/v2\/media\/164947"}],"wp:attachment":[{"href":"https:\/\/www.fuldaernachrichten.de\/index.php?rest_route=%2Fwp%2Fv2%2Fmedia&parent=164941"}],"wp:term":[{"taxonomy":"category","embeddable":true,"href":"https:\/\/www.fuldaernachrichten.de\/index.php?rest_route=%2Fwp%2Fv2%2Fcategories&post=164941"},{"taxonomy":"post_tag","embeddable":true,"href":"https:\/\/www.fuldaernachrichten.de\/index.php?rest_route=%2Fwp%2Fv2%2Ftags&post=164941"}],"curies":[{"name":"wp","href":"https:\/\/api.w.org\/{rel}","templated":true}]}}