{"id":164925,"date":"2017-06-26T09:39:09","date_gmt":"2017-06-26T07:39:09","guid":{"rendered":"http:\/\/www.fuldaer-nachrichten.de\/?p=164925"},"modified":"2017-06-26T09:39:09","modified_gmt":"2017-06-26T07:39:09","slug":"gelungene-geburtstagsparty-aktionstag-der-caritas-auf-dem-universitaetsplatz","status":"publish","type":"post","link":"https:\/\/www.fuldaernachrichten.de\/?p=164925","title":{"rendered":"Gelungene \u201eGeburtstagsparty\u201c: Aktionstag der Caritas auf dem Universit\u00e4tsplatz"},"content":{"rendered":"<p>Optimal war das Wetter zum Aktionstag der Caritas \u201eVon Mensch zu Mensch\u201c auf dem Fuldaer Universit\u00e4tsplatz: sch\u00f6n, aber nicht zu hei\u00df. Dementsprechend besuchten viele Fuldaer und G\u00e4ste der Stadt das Zelt-Dorf der Caritas, um mit dem katholischen Sozialverband das 100-j\u00e4hrige Bestehen zu feiern. Die Caritas-Mitarbeiter hatten ein buntes Programm mit Anschauen und Mitmachen, Essen, Trinken und Musik vorbereitet. <\/p>\n<p>Nach einem mitrei\u00dfenden Auftakt durch die Trommelgruppe der Carisma Werkst\u00e4tten begr\u00fc\u00dfte Di\u00f6zesan-Caritasdirektor Dr. Markus Juch die Feiernden und stellte mit ein paar S\u00e4tzen die Caritas und ihre Arbeit kurz vor. Sodann konnte er Bischof Heinz Josef Algermissen, den Schirmherren der Veranstaltung, auf der B\u00fchne willkommen hei\u00dfen, der in einem kurzen geistlichen Impuls \u00fcber die Bedeutung der Caritas-Arbeit sprach und dann gemeinsam mit allen Anwesenden das \u201eVater unser\u201c betete. Ein Gospelchor des Jugendhilfeverbundes St. Elisabeth hatte den Auftritt des Bischofs musikalisch umrahmt. <\/p>\n<p>Die weitere Moderation von der B\u00fchne \u00fcbernahm Caritas-Vorstandsmitglied Malte Crome, der die einzelnen Auftritte ank\u00fcndigte und verschiedene Gespr\u00e4che mit Vertretern diverser Dienste der Caritas f\u00fchrte, um deren Arbeitsfelder vorzustellen. Ansonsten standen Spiel und Spa\u00df im Vordergrund des Aktionstages: Es pr\u00e4sentierte sich das Behindertenhilfe-Projekt wort.los, das mit seinem Geb\u00e4rdenchor auch beim B\u00fchnenprogramm vertreten war. Wer wollte, konnte mit wort.los gleich beim Fest erste Geb\u00e4rden lernen. F\u00fcr Experimentierfreudige  gab es des Weiteren einen Sitz-Segway-Parcours von Marions events &#038; trends zum Ausprobieren. Von der Jugendhilfe gab es Spiel- und Bastelangebote f\u00fcr Gro\u00df und Klein. Es gab ein Gl\u00fccksrad und Luftballons f\u00fcr die Kids. Au\u00dferdem sorgte die UMA-Band (UMA gleich Unbegleitete minderj\u00e4hrige Fl\u00fcchtlinge) f\u00fcr einen rockigen Auftritt. Bei der Altenhilfe gab es u.a. ein historisches Zimmer zu bewundern, und die Sozialen Dienste stellten die Jahreskampagne \u201eZusammen sind wir Heimat\u201c vor und pr\u00e4sentierten die gro\u00dfe Palette ehrenamtlichen Engagements in der Caritas. <\/p>\n<p>Getr\u00e4nke und W\u00fcrstchen \u2013 vieles gesponsert von Partnern der Caritas \u2013 und Kuchen wurden gegen Spenden abgegeben. Aus dem Erl\u00f6s wurden Anschaffungen f\u00fcr die Altenhilfe, Jugendhilfe und Behindertenhilfe finanziert, die sonst nicht m\u00f6glich gewesen w\u00e4ren.  <\/p>\n","protected":false},"excerpt":{"rendered":"<div class=\"tmnf_excerpt\"><p>Optimal war das Wetter zum Aktionstag der Caritas \u201eVon Mensch zu Mensch\u201c auf dem Fuldaer Universit\u00e4tsplatz: sch\u00f6n, aber nicht zu hei\u00df. Dementsprechend besuchten viele Fuldaer und G\u00e4ste der Stadt das Zelt-Dorf der Caritas, um mit dem katholischen Sozialverband das 100-j\u00e4hrige Bestehen zu feiern. Die Caritas-Mitarbeiter hatten ein buntes Programm mit Anschauen und Mitmachen, Essen, Trinken &hellip;<\/p>\n<\/div>","protected":false},"author":1,"featured_media":164943,"comment_status":"closed","ping_status":"closed","sticky":false,"template":"","format":"gallery","meta":{"footnotes":""},"categories":[1],"tags":[],"class_list":["post-164925","post","type-post","status-publish","format-gallery","has-post-thumbnail","hentry","category-startseite","post_format-post-format-gallery"],"_links":{"self":[{"href":"https:\/\/www.fuldaernachrichten.de\/index.php?rest_route=\/wp\/v2\/posts\/164925","targetHints":{"allow":["GET"]}}],"collection":[{"href":"https:\/\/www.fuldaernachrichten.de\/index.php?rest_route=\/wp\/v2\/posts"}],"about":[{"href":"https:\/\/www.fuldaernachrichten.de\/index.php?rest_route=\/wp\/v2\/types\/post"}],"author":[{"embeddable":true,"href":"https:\/\/www.fuldaernachrichten.de\/index.php?rest_route=\/wp\/v2\/users\/1"}],"replies":[{"embeddable":true,"href":"https:\/\/www.fuldaernachrichten.de\/index.php?rest_route=%2Fwp%2Fv2%2Fcomments&post=164925"}],"version-history":[{"count":1,"href":"https:\/\/www.fuldaernachrichten.de\/index.php?rest_route=\/wp\/v2\/posts\/164925\/revisions"}],"predecessor-version":[{"id":164946,"href":"https:\/\/www.fuldaernachrichten.de\/index.php?rest_route=\/wp\/v2\/posts\/164925\/revisions\/164946"}],"wp:featuredmedia":[{"embeddable":true,"href":"https:\/\/www.fuldaernachrichten.de\/index.php?rest_route=\/wp\/v2\/media\/164943"}],"wp:attachment":[{"href":"https:\/\/www.fuldaernachrichten.de\/index.php?rest_route=%2Fwp%2Fv2%2Fmedia&parent=164925"}],"wp:term":[{"taxonomy":"category","embeddable":true,"href":"https:\/\/www.fuldaernachrichten.de\/index.php?rest_route=%2Fwp%2Fv2%2Fcategories&post=164925"},{"taxonomy":"post_tag","embeddable":true,"href":"https:\/\/www.fuldaernachrichten.de\/index.php?rest_route=%2Fwp%2Fv2%2Ftags&post=164925"}],"curies":[{"name":"wp","href":"https:\/\/api.w.org\/{rel}","templated":true}]}}