{"id":164920,"date":"2017-06-26T09:36:13","date_gmt":"2017-06-26T07:36:13","guid":{"rendered":"http:\/\/www.fuldaer-nachrichten.de\/?p=164920"},"modified":"2017-06-26T09:36:13","modified_gmt":"2017-06-26T07:36:13","slug":"bundestagsdirektkandidatin-eva-goldbach-zu-besuch-in-homberg","status":"publish","type":"post","link":"https:\/\/www.fuldaernachrichten.de\/?p=164920","title":{"rendered":"Bundestagsdirektkandidatin Eva Goldbach zu Besuch in Homberg"},"content":{"rendered":"<p>Am Sonntag 02. Juli wird die Direktkandidatin der Gr\u00fcnen f\u00fcr den Wahlkreis Gie\u00dfen\/Vogelsberg, Eva Goldbach MdL, gemeinsam mit Homberger und Vogelsberger Gr\u00fcnen die geplante Radwegstrecke in Homberg besichtigen und sich \u00fcber den Stand der Planungen informieren. Interessierte B\u00fcrger sind eingeladen, Frau Goldbach zu begleiten. Treffpunkt ist um 11 Uhr an der Stadthalle Homberg.<\/p>\n<p>Nach dem Mittagessen wird sie ab 13.45 einen Stadtrundgang machen und gegen 14:30 das Schloss besichtigen. Dabei werden Homberger Kunst- und Kulturprojekte vorgestellt. Auch hierzu sind alle eingeladen, die daran interessiert sind oder die die Gelegenheit f\u00fcr ein Gespr\u00e4ch mit Eva Goldbach nutzen wollen.<\/p>\n","protected":false},"excerpt":{"rendered":"<div class=\"tmnf_excerpt\"><p>Am Sonntag 02. Juli wird die Direktkandidatin der Gr\u00fcnen f\u00fcr den Wahlkreis Gie\u00dfen\/Vogelsberg, Eva Goldbach MdL, gemeinsam mit Homberger und Vogelsberger Gr\u00fcnen die geplante Radwegstrecke in Homberg besichtigen und sich \u00fcber den Stand der Planungen informieren. Interessierte B\u00fcrger sind eingeladen, Frau Goldbach zu begleiten. Treffpunkt ist um 11 Uhr an der Stadthalle Homberg. Nach dem &hellip;<\/p>\n<\/div>","protected":false},"author":1,"featured_media":164926,"comment_status":"closed","ping_status":"closed","sticky":false,"template":"","format":"standard","meta":{"footnotes":""},"categories":[1],"tags":[],"class_list":["post-164920","post","type-post","status-publish","format-standard","has-post-thumbnail","hentry","category-startseite"],"_links":{"self":[{"href":"https:\/\/www.fuldaernachrichten.de\/index.php?rest_route=\/wp\/v2\/posts\/164920","targetHints":{"allow":["GET"]}}],"collection":[{"href":"https:\/\/www.fuldaernachrichten.de\/index.php?rest_route=\/wp\/v2\/posts"}],"about":[{"href":"https:\/\/www.fuldaernachrichten.de\/index.php?rest_route=\/wp\/v2\/types\/post"}],"author":[{"embeddable":true,"href":"https:\/\/www.fuldaernachrichten.de\/index.php?rest_route=\/wp\/v2\/users\/1"}],"replies":[{"embeddable":true,"href":"https:\/\/www.fuldaernachrichten.de\/index.php?rest_route=%2Fwp%2Fv2%2Fcomments&post=164920"}],"version-history":[{"count":1,"href":"https:\/\/www.fuldaernachrichten.de\/index.php?rest_route=\/wp\/v2\/posts\/164920\/revisions"}],"predecessor-version":[{"id":164927,"href":"https:\/\/www.fuldaernachrichten.de\/index.php?rest_route=\/wp\/v2\/posts\/164920\/revisions\/164927"}],"wp:featuredmedia":[{"embeddable":true,"href":"https:\/\/www.fuldaernachrichten.de\/index.php?rest_route=\/wp\/v2\/media\/164926"}],"wp:attachment":[{"href":"https:\/\/www.fuldaernachrichten.de\/index.php?rest_route=%2Fwp%2Fv2%2Fmedia&parent=164920"}],"wp:term":[{"taxonomy":"category","embeddable":true,"href":"https:\/\/www.fuldaernachrichten.de\/index.php?rest_route=%2Fwp%2Fv2%2Fcategories&post=164920"},{"taxonomy":"post_tag","embeddable":true,"href":"https:\/\/www.fuldaernachrichten.de\/index.php?rest_route=%2Fwp%2Fv2%2Ftags&post=164920"}],"curies":[{"name":"wp","href":"https:\/\/api.w.org\/{rel}","templated":true}]}}