{"id":164919,"date":"2017-06-26T09:38:06","date_gmt":"2017-06-26T07:38:06","guid":{"rendered":"http:\/\/www.fuldaer-nachrichten.de\/?p=164919"},"modified":"2017-06-26T09:38:06","modified_gmt":"2017-06-26T07:38:06","slug":"erster-spatenstich-fuer-barrierefreies-wohn-und-geschaeftshaus-am-weiher-in-burghaun","status":"publish","type":"post","link":"https:\/\/www.fuldaernachrichten.de\/?p=164919","title":{"rendered":"Erster Spatenstich f\u00fcr barrierefreies Wohn- und Gesch\u00e4ftshaus am Weiher in Burghaun"},"content":{"rendered":"<p>Was mit kr\u00e4ftigen Spatenstichen begonnen wurde, \u00fcbernehmen nun Baumaschinen. Im Sp\u00e4tsommer kommenden Jahres soll der Bau vollendet sein \u2013 und die ersten Eigent\u00fcmer und Mieter k\u00f6nnen in das barrierefreie Wohn- und Gesch\u00e4ftshaus direkt neben der Sport- und Freizeitanlage Weiher in Burghaun einziehen. Neben elf mit einer Aufzuganlage erreichbaren Wohnungen auf zwei Etagen entsteht im Erdgeschoss auch die neue Zentrale der Pflegeprofis Hauneland gGmbH.<\/p>\n<p>\u201eMit diesem Projekt schaffen wir durch privatwirtschaftliche Initiative eine attraktive Lebens- und Wohnwertsteigerung f\u00fcr den Kernort Burghaun\u201c, so Alexander Hohmann. Der Inhaber von Georg Kalb Immobilien stellte heraus, dass von dem dabei entstehenden Wohnungsangebot insbesondere \u00e4ltere Menschen profitieren. \u201eF\u00fcr diese Personengruppe werden nicht nur attraktive und barrierefrei zug\u00e4ngliche Wohnungen von 59 bis 89 Quadratmeter Gr\u00f6\u00dfe geschaffen. Durch die im Erdgeschoss dann angesiedelten Pflegeprofis Hauneland ist auch die ambulante Betreuung der Bewohner sichergestellt. Das erm\u00f6glicht Menschen bis ins hohe Alter auch bei Pflegebedarf ein komfortables, selbst\u00e4ndiges Wohnen in den eigenen vier W\u00e4nden\u201c, sagte Hohmann.<\/p>\n<p>Antwort auf den wachsenden Bedarf an seniorengerechten Wohnraum<br \/>\nMit dem Projekt am Weiher in Burghaun soll eine Antwort auf den wachsenden Bedarf f\u00fcr seniorengerechten Wohnraum auch au\u00dferhalb von Ballungsr\u00e4umen in attraktiver l\u00e4ndlicher Wohnlage gegeben werden, erl\u00e4uterte Hohmann. Zum einen k\u00f6nne man so \u00e4lteren Menschen bedarfsgerechten, barrierefreien Wohnraum in einem attraktiven Umfeld anbieten. Zum anderen werde damit auch ein Angebot geschaffen, um Senioren aus der Marktgemeinde in gewohnter \u00f6rtlicher Umgebung den Lebensabend in den eigenen vier W\u00e4nden zu erm\u00f6glichen. \u201eUnd dies verbunden mit der Sicherheit, die ein Pflegedienst im Haus zus\u00e4tzlich anbietet\u201c, erg\u00e4nzte Hohmann.<\/p>\n<p>Man sei dankbar, mit der Eiterfelder Bauunternehmer Joachim Lohfink einen erfahrenen, renommierten und kompetenten Investor gewonnen zu haben, der das Projekt seri\u00f6s und effizient verwirklichen werde, so der Redner weiter. \u201eGebaut wird nach Pl\u00e4nen des Vellmarer Architekturb\u00fcros Bauch+Kimpel. Das energieeffiziente Geb\u00e4ude wird im KfW-Standard 70 hergestellt\u201c, erl\u00e4uterte Hohmann. Im Kellergeschoss ist au\u00dferdem eine Tiefgarage mit 25 Pkw-Stellpl\u00e4tzen. Entwickelt wurde das Vorhaben von der Hohmann Standort- und Projektentwicklung in Burghaun.<\/p>\n<p>Projekt entsteht an attraktiver Stelle im Kernort<br \/>\nDas Bauprojekt entstehe nicht nur an attraktiver Stelle im Kernort Burghaun, sondern gebe auch einen in die Region wirkenden Impuls, ist sich Architekt Karsten Kimpel sicher. Damit werde angemessen auf den demografischen Wandel reagiert, der zunehmend bei der Planung von Wohnungsneubauten eine Rolle spielen werde.<\/p>\n<p>Investor und Bauherr Joachim Lohfink freute sich, dass nach der intensiven Planungs- und Vorbereitungsphase nun der Bau beginne und schon bald sichtbare Formen annehmen werde. Wir werden das Beste daraus machen\u201c, versprach er.<\/p>\n<p>Ortsvorsteher Michael B\u00e4tza (SPD) begr\u00fc\u00dfte das Projekt in guter Lage in Burghaun. \u201eMenschen, die hier wohnen werden, erhalten in dem so konzipierten Objekt ein \u201egutes St\u00fcck Lebensqualit\u00e4t\u201c. Die Barrierefreiheit bezeichnete er als \u201elebensgerecht\u201c.<\/p>\n","protected":false},"excerpt":{"rendered":"<div class=\"tmnf_excerpt\"><p>Was mit kr\u00e4ftigen Spatenstichen begonnen wurde, \u00fcbernehmen nun Baumaschinen. Im Sp\u00e4tsommer kommenden Jahres soll der Bau vollendet sein \u2013 und die ersten Eigent\u00fcmer und Mieter k\u00f6nnen in das barrierefreie Wohn- und Gesch\u00e4ftshaus direkt neben der Sport- und Freizeitanlage Weiher in Burghaun einziehen. Neben elf mit einer Aufzuganlage erreichbaren Wohnungen auf zwei Etagen entsteht im Erdgeschoss &hellip;<\/p>\n<\/div>","protected":false},"author":1,"featured_media":164930,"comment_status":"closed","ping_status":"closed","sticky":false,"template":"","format":"gallery","meta":{"footnotes":""},"categories":[1],"tags":[],"class_list":["post-164919","post","type-post","status-publish","format-gallery","has-post-thumbnail","hentry","category-startseite","post_format-post-format-gallery"],"_links":{"self":[{"href":"https:\/\/www.fuldaernachrichten.de\/index.php?rest_route=\/wp\/v2\/posts\/164919","targetHints":{"allow":["GET"]}}],"collection":[{"href":"https:\/\/www.fuldaernachrichten.de\/index.php?rest_route=\/wp\/v2\/posts"}],"about":[{"href":"https:\/\/www.fuldaernachrichten.de\/index.php?rest_route=\/wp\/v2\/types\/post"}],"author":[{"embeddable":true,"href":"https:\/\/www.fuldaernachrichten.de\/index.php?rest_route=\/wp\/v2\/users\/1"}],"replies":[{"embeddable":true,"href":"https:\/\/www.fuldaernachrichten.de\/index.php?rest_route=%2Fwp%2Fv2%2Fcomments&post=164919"}],"version-history":[{"count":1,"href":"https:\/\/www.fuldaernachrichten.de\/index.php?rest_route=\/wp\/v2\/posts\/164919\/revisions"}],"predecessor-version":[{"id":164939,"href":"https:\/\/www.fuldaernachrichten.de\/index.php?rest_route=\/wp\/v2\/posts\/164919\/revisions\/164939"}],"wp:featuredmedia":[{"embeddable":true,"href":"https:\/\/www.fuldaernachrichten.de\/index.php?rest_route=\/wp\/v2\/media\/164930"}],"wp:attachment":[{"href":"https:\/\/www.fuldaernachrichten.de\/index.php?rest_route=%2Fwp%2Fv2%2Fmedia&parent=164919"}],"wp:term":[{"taxonomy":"category","embeddable":true,"href":"https:\/\/www.fuldaernachrichten.de\/index.php?rest_route=%2Fwp%2Fv2%2Fcategories&post=164919"},{"taxonomy":"post_tag","embeddable":true,"href":"https:\/\/www.fuldaernachrichten.de\/index.php?rest_route=%2Fwp%2Fv2%2Ftags&post=164919"}],"curies":[{"name":"wp","href":"https:\/\/api.w.org\/{rel}","templated":true}]}}