{"id":164915,"date":"2017-06-26T09:34:40","date_gmt":"2017-06-26T07:34:40","guid":{"rendered":"http:\/\/www.fuldaer-nachrichten.de\/?p=164915"},"modified":"2017-06-26T09:34:40","modified_gmt":"2017-06-26T07:34:40","slug":"mutter-vater-kind-treff-fuer-mediana-belegschaft-in-mutterschutz-und-elternzeit","status":"publish","type":"post","link":"https:\/\/www.fuldaernachrichten.de\/?p=164915","title":{"rendered":"Mutter-Vater-Kind-Treff f\u00fcr Mediana-Belegschaft in Mutterschutz und Elternzeit"},"content":{"rendered":"<p>Zum diesj\u00e4hrigen Mutter-Vater-Kind-Treff hatte die Gesch\u00e4ftsleitung der Mediana Gruppe im Juni Mitarbeiterinnen und Mitarbeiter unter Besch\u00e4ftigungsverbot, in Mutterschutz oder Elternzeit mit ihren Spr\u00f6sslingen zu einem gemeinsamen Fr\u00fchst\u00fcck ins Quartierhaus im Josefsgarten eingeladen.  Die Gesch\u00e4ftsf\u00fchrer Thorsten Roch und Bastian Hans hatten sich die Zeit genommen, die gro\u00dfen und kleinen Teilnehmer pers\u00f6nlich zu begr\u00fc\u00dfen und einen kleinen \u00dcberblick \u00fcber die Entwicklung der Unternehmensgruppe zu geben und f\u00fcr das Sommerferien-Programm speziell f\u00fcr Kinder der Mediana-Mitarbeiter zu werben. Erstmals war auch ein Vater in Elternzeit anwesend.<\/p>\n<p>&#8220;Wir wollen den Kolleginnen und Kollegen die M\u00f6glichkeit geben, sich in aller Ruhe bei einem entspannten Fr\u00fchst\u00fcck mit Informationscharakter auszutauschen&#8221;, erkl\u00e4rte Jessica Otterbein, Assistentin der Gesch\u00e4ftsf\u00fchrung, die gemeinsam mit Hannah Elster und Praktikantin Kira Haverkamp das Treffen vorbereitet hat. Die Organisatoren hatten dazu eigens Kristin Ko\u00dfmann, Kinderkrankenschwester bei Mediana Mobil , engagiert, die sich w\u00e4hrend der zweist\u00fcndigen Veranstaltung liebevoll um die Kinder k\u00fcmmerte, mit ihnen spielte, sie f\u00fctterte und auch mal die Windeln wechselte. Spielsachen und Bilderb\u00fccher gab es ausreichend und so kam bei den Kleinen keine Langeweile auf.<\/p>\n<p>\u201eZiel dieses Treffens ist es, dass sich die Mitarbeiterinnen und Mitarbeiter von ihrem Arbeitgeber sehr wertgesch\u00e4tzt f\u00fchlen, besonders vor dem Hintergrund ihrer famili\u00e4ren Auszeit\u201c, erl\u00e4uterte Hannah Elster. \u201eWir w\u00fcnschen uns, dass die Kollegen nach ihrer Elternzeit zur\u00fcck ins Unternehmen kommen und m\u00fcssen dazu familienfreundliche Angebote machen\u201c, erg\u00e4nzte Otterbein. Sie sieht in dem lockeren Treffen in entspannter Atmosph\u00e4re eine hervorragende M\u00f6glichkeit, das Interesse an Mediana weiter aufrecht zu erhalten.<\/p>\n<p>Ein besonderes Highlight war der Vortrag von Julia Sp\u00e4tling von der Familienschule Fulda und Gesch\u00e4ftsf\u00fchrerin der Deutschen Familienstiftung, die zum Thema &#8220;Partnerschaft mit Kind\u201c  referierte und Einblicke dar\u00fcber geben konnte, wie sich das Leben als Familie \u00e4ndert. \u201eEin Kind kann das Leben von Mann und Frau ganz sch\u00f6n auf den Kopf stellen. Doch was genau kommt auf werdende Eltern zu? Und wie bleibt die Partnerschaft nicht auf der Strecke? sind Themen, die aufzeigen, wie sich die Beziehung in der Elternschaft ver\u00e4ndert\u201c, wei\u00df Julia Sp\u00e4tling aus ihrer langj\u00e4hrigen Erfahrung. Sie vermittelte den Teilnehmern so manchen Ausblick auf kommende Situationen, ging auf pers\u00f6nliche Erkenntnisse ein und es entstand eine lebhafte Diskussion.<br \/>\nZwischendurch konnten sich die M\u00fctter und der Vater am reichhaltigen und sehr leckeren Fr\u00fchst\u00fccksbuffet bedienen. Es blieb gen\u00fcgend Zeit f\u00fcr nette Gespr\u00e4che, und der entspannte Vormittag ging viel zu schnell zu Ende, sagten die Teilnehmer. \u00e2\u20ac\u00a8&#8221;Wir sind sehr froh, dass der Mutter-Vater-Kind-Treff so eine tolle Resonanz gefunden und sich im Kalender der Mitarbeiter zu einer festen Gr\u00f6\u00dfe entwickelt hat&#8221;, sagte Jessica Otterbein zum Abschied und versprach, auch im n\u00e4chsten Jahr wieder einzuladen.<\/p>\n<p>BU: Verantwortliche, Teilnehmer und Referentin Julia Sp\u00e4tling (vorn links) verbrachten einen entspannten und informativen Vormittag beim Mediana Mutter-Vater-Kind-Treff.<\/p>\n","protected":false},"excerpt":{"rendered":"<div class=\"tmnf_excerpt\"><p>Zum diesj\u00e4hrigen Mutter-Vater-Kind-Treff hatte die Gesch\u00e4ftsleitung der Mediana Gruppe im Juni Mitarbeiterinnen und Mitarbeiter unter Besch\u00e4ftigungsverbot, in Mutterschutz oder Elternzeit mit ihren Spr\u00f6sslingen zu einem gemeinsamen Fr\u00fchst\u00fcck ins Quartierhaus im Josefsgarten eingeladen. Die Gesch\u00e4ftsf\u00fchrer Thorsten Roch und Bastian Hans hatten sich die Zeit genommen, die gro\u00dfen und kleinen Teilnehmer pers\u00f6nlich zu begr\u00fc\u00dfen und einen kleinen &hellip;<\/p>\n<\/div>","protected":false},"author":1,"featured_media":164917,"comment_status":"closed","ping_status":"closed","sticky":false,"template":"","format":"standard","meta":{"footnotes":""},"categories":[1],"tags":[],"class_list":["post-164915","post","type-post","status-publish","format-standard","has-post-thumbnail","hentry","category-startseite"],"_links":{"self":[{"href":"https:\/\/www.fuldaernachrichten.de\/index.php?rest_route=\/wp\/v2\/posts\/164915","targetHints":{"allow":["GET"]}}],"collection":[{"href":"https:\/\/www.fuldaernachrichten.de\/index.php?rest_route=\/wp\/v2\/posts"}],"about":[{"href":"https:\/\/www.fuldaernachrichten.de\/index.php?rest_route=\/wp\/v2\/types\/post"}],"author":[{"embeddable":true,"href":"https:\/\/www.fuldaernachrichten.de\/index.php?rest_route=\/wp\/v2\/users\/1"}],"replies":[{"embeddable":true,"href":"https:\/\/www.fuldaernachrichten.de\/index.php?rest_route=%2Fwp%2Fv2%2Fcomments&post=164915"}],"version-history":[{"count":1,"href":"https:\/\/www.fuldaernachrichten.de\/index.php?rest_route=\/wp\/v2\/posts\/164915\/revisions"}],"predecessor-version":[{"id":164918,"href":"https:\/\/www.fuldaernachrichten.de\/index.php?rest_route=\/wp\/v2\/posts\/164915\/revisions\/164918"}],"wp:featuredmedia":[{"embeddable":true,"href":"https:\/\/www.fuldaernachrichten.de\/index.php?rest_route=\/wp\/v2\/media\/164917"}],"wp:attachment":[{"href":"https:\/\/www.fuldaernachrichten.de\/index.php?rest_route=%2Fwp%2Fv2%2Fmedia&parent=164915"}],"wp:term":[{"taxonomy":"category","embeddable":true,"href":"https:\/\/www.fuldaernachrichten.de\/index.php?rest_route=%2Fwp%2Fv2%2Fcategories&post=164915"},{"taxonomy":"post_tag","embeddable":true,"href":"https:\/\/www.fuldaernachrichten.de\/index.php?rest_route=%2Fwp%2Fv2%2Ftags&post=164915"}],"curies":[{"name":"wp","href":"https:\/\/api.w.org\/{rel}","templated":true}]}}