{"id":164905,"date":"2017-06-26T09:33:18","date_gmt":"2017-06-26T07:33:18","guid":{"rendered":"http:\/\/www.fuldaer-nachrichten.de\/?p=164905"},"modified":"2017-06-26T09:33:18","modified_gmt":"2017-06-26T07:33:18","slug":"land-investiert-rund-22-millionen-euro-staatssekretaer-dr-dippel-wuerdigt-leistung-der-freiwilligen-feuerwehren","status":"publish","type":"post","link":"https:\/\/www.fuldaernachrichten.de\/?p=164905","title":{"rendered":"Land investiert rund 22 Millionen Euro \u2013 Staatssekret\u00e4r Dr. Dippel w\u00fcrdigt Leistung der Freiwilligen Feuerwehren"},"content":{"rendered":"<p>Der Staatssekret\u00e4r im Hessischen Ministerium f\u00fcr Soziales und Integration,<br \/>\nDr. Wolfgang Dippel, hat heute den Freiwilligen Feuerwehren Dank und Anerkennung f\u00fcr deren Arbeit ausgesprochen. Anl\u00e4sslich der Versammlung bei den Feuerwehrverbandstagen der Freiwilligen Feuerwehren des Wolfhager Landes, erkl\u00e4rte der Staatssekret\u00e4r: \u201eDie Freiwilligen Feuerwehren sind existenziell f\u00fcr unser Zusammenleben. Sie dienen unserer Sicherheit und st\u00e4rken das Gemeinschaftsgef\u00fchl in den St\u00e4dten und Gemeinden.\u201c<\/p>\n<p>Die Hessische Landesregierung messe deshalb der F\u00f6rderung der Organisationen h\u00f6chste Priorit\u00e4t bei und werde in diesem Jahr den Feuerwehren in Hessen eine Finanzspritze in Rekordh\u00f6he gew\u00e4hren. \u201eMit und 22 Millionen Euro investieren wir so viel wie noch nie in die F\u00f6rderung von Feuerwehrh\u00e4usern und Fahrzeugen\u201c, erkl\u00e4rte Dr. Dippel. Auch die Mittel f\u00fcr die Hessische Jugendfeuerwehr wurden mit 50.000 Euro sp\u00fcrbar aufgestockt. \u201eDamit unterstreicht das Land die hohe Bedeutung der Nachwuchsarbeit der Feuerwehren\u201c, betonte der Staatssekret\u00e4r.<\/p>\n<p>Das Land Hessen hat in den vergangenen zehn Jahren im Bereich des Brandschutzes 1.335 Ma\u00dfnahmen mit rund 105 Millionen Euro gef\u00f6rdert. Damit wurde die Beschaffung von mehr als 1.000 Fahrzeugen und den Aus- und Neubau von fast 300 Feuerwehrh\u00e4usern unterst\u00fctzt.<\/p>\n","protected":false},"excerpt":{"rendered":"<div class=\"tmnf_excerpt\"><p>Der Staatssekret\u00e4r im Hessischen Ministerium f\u00fcr Soziales und Integration, Dr. Wolfgang Dippel, hat heute den Freiwilligen Feuerwehren Dank und Anerkennung f\u00fcr deren Arbeit ausgesprochen. Anl\u00e4sslich der Versammlung bei den Feuerwehrverbandstagen der Freiwilligen Feuerwehren des Wolfhager Landes, erkl\u00e4rte der Staatssekret\u00e4r: \u201eDie Freiwilligen Feuerwehren sind existenziell f\u00fcr unser Zusammenleben. Sie dienen unserer Sicherheit und st\u00e4rken das Gemeinschaftsgef\u00fchl &hellip;<\/p>\n<\/div>","protected":false},"author":1,"featured_media":0,"comment_status":"closed","ping_status":"closed","sticky":false,"template":"","format":"standard","meta":{"footnotes":""},"categories":[1],"tags":[],"class_list":["post-164905","post","type-post","status-publish","format-standard","hentry","category-startseite"],"_links":{"self":[{"href":"https:\/\/www.fuldaernachrichten.de\/index.php?rest_route=\/wp\/v2\/posts\/164905","targetHints":{"allow":["GET"]}}],"collection":[{"href":"https:\/\/www.fuldaernachrichten.de\/index.php?rest_route=\/wp\/v2\/posts"}],"about":[{"href":"https:\/\/www.fuldaernachrichten.de\/index.php?rest_route=\/wp\/v2\/types\/post"}],"author":[{"embeddable":true,"href":"https:\/\/www.fuldaernachrichten.de\/index.php?rest_route=\/wp\/v2\/users\/1"}],"replies":[{"embeddable":true,"href":"https:\/\/www.fuldaernachrichten.de\/index.php?rest_route=%2Fwp%2Fv2%2Fcomments&post=164905"}],"version-history":[{"count":1,"href":"https:\/\/www.fuldaernachrichten.de\/index.php?rest_route=\/wp\/v2\/posts\/164905\/revisions"}],"predecessor-version":[{"id":164914,"href":"https:\/\/www.fuldaernachrichten.de\/index.php?rest_route=\/wp\/v2\/posts\/164905\/revisions\/164914"}],"wp:attachment":[{"href":"https:\/\/www.fuldaernachrichten.de\/index.php?rest_route=%2Fwp%2Fv2%2Fmedia&parent=164905"}],"wp:term":[{"taxonomy":"category","embeddable":true,"href":"https:\/\/www.fuldaernachrichten.de\/index.php?rest_route=%2Fwp%2Fv2%2Fcategories&post=164905"},{"taxonomy":"post_tag","embeddable":true,"href":"https:\/\/www.fuldaernachrichten.de\/index.php?rest_route=%2Fwp%2Fv2%2Ftags&post=164905"}],"curies":[{"name":"wp","href":"https:\/\/api.w.org\/{rel}","templated":true}]}}